{"id":22889,"date":"2022-01-29T14:59:29","date_gmt":"2022-01-29T20:59:29","guid":{"rendered":"https:\/\/encuentroinformativo.com.mx\/?p=22889"},"modified":"2022-01-29T14:59:33","modified_gmt":"2022-01-29T20:59:33","slug":"registran-99-escuelas-cerradas-por-brote-de-covid","status":"publish","type":"post","link":"https:\/\/encuentroinformativo.com.mx\/?p=22889","title":{"rendered":"Registran 99 escuelas cerradas por brote de COVID"},"content":{"rendered":"\n<p><strong>Alejandro \u00c1vila<\/strong><\/p>\n\n\n\n<p>Boca del R\u00edo, Ver.- El secretario de Educaci\u00f3n de Veracruz, Zenyazen Escobar Garc\u00eda, se\u00f1al\u00f3 que a la fecha cuentan con 99 escuelas cerradas por reporte de contagios de COVID-19.<\/p>\n\n\n\n<p>El funcionario estatal mencion\u00f3 que los planteles educativos cerrados pertenecen a educaci\u00f3n b\u00e1sica, y apunt\u00f3 qu\u00e9, tras revisar los filtros que hacen docentes y padres de familia en las instituciones, se han percatado qu\u00e9 los contagios no han sido masivos como sab\u00eda rumorado.<\/p>\n\n\n\n<p>&#8220;Es necesario la apertura ya de las escuelas, primero que nada por salud socio-emocional de las ni\u00f1as, ni\u00f1os y j\u00f3venes, y de igual manera, tambi\u00e9n, en el tema de convivencia de nuestra ni\u00f1ez. Y tambi\u00e9n por el rezago educativo que estamos teniendo en el estado de Veracruz, y tambi\u00e9n a nivel nacional. Decirles que en Veracruz somos de los estados que m\u00e1s escuelas abiertas tenemos, el tercer lugar nacional con mayor n\u00famero de maestros vacunados, y el resultado que tuvimos en este proceso de vacunaci\u00f3n no quiere decir los maestros y las maestras no s\u00e9 vacunaron, porque no era el n\u00famero de 177 mil, sino que corresponde a que muchos compa\u00f1eros y compa\u00f1eras les toc\u00f3 en su esquema de edad su vacunaci\u00f3n y acudieron a vacunarse&#8221;, apunt\u00f3.<\/p>\n\n\n\n<p>Escobar Garc\u00eda, reconoci\u00f3 que como docentes saben y a\u00fan en clases presenciales existe un rezago educativo, por lo que es primordial regresar a las aulas, ya que mediante la educaci\u00f3n en l\u00ednea este aumentado considerablemente.<\/p>\n\n\n\n<p>En ese sentido, se\u00f1al\u00f3 que de las 99 escuelas cerradas por casos de COVID, sus directores han manifestado que en breve regresar\u00e1n a clases presenciales, toda vez que han cumplido con los procesos de resguardo y medidas sanitarias que promueve la Secretar\u00eda de Salud.<\/p>\n","protected":false},"excerpt":{"rendered":"<p>Alejandro \u00c1vila Boca del R\u00edo, Ver.- El secretario de Educaci\u00f3n de Veracruz, Zenyazen Escobar Garc\u00eda, se\u00f1al\u00f3 que a la fecha cuentan con 99 escuelas cerradas por reporte de contagios de COVID-19. El funcionario estatal mencion\u00f3 que los planteles educativos cerrados pertenecen a educaci\u00f3n b\u00e1sica, y apunt\u00f3 qu\u00e9, tras revisar los filtros que hacen docentes y [&hellip;]<\/p>\n","protected":false},"author":1,"featured_media":22890,"comment_status":"open","ping_status":"open","sticky":false,"template":"","format":"standard","meta":{"_jetpack_memberships_contains_paid_content":false,"footnotes":""},"categories":[2],"tags":[],"class_list":["post-22889","post","type-post","status-publish","format-standard","has-post-thumbnail","hentry","category-estado"],"jetpack_featured_media_url":"https:\/\/encuentroinformativo.com.mx\/wp-content\/uploads\/2022\/01\/01C9B5F9-F808-4570-BC2C-B25ECFB42FE1.jpeg","jetpack_sharing_enabled":true,"jetpack_likes_enabled":true,"amp_enabled":true,"_links":{"self":[{"href":"https:\/\/encuentroinformativo.com.mx\/index.php?rest_route=\/wp\/v2\/posts\/22889","targetHints":{"allow":["GET"]}}],"collection":[{"href":"https:\/\/encuentroinformativo.com.mx\/index.php?rest_route=\/wp\/v2\/posts"}],"about":[{"href":"https:\/\/encuentroinformativo.com.mx\/index.php?rest_route=\/wp\/v2\/types\/post"}],"author":[{"embeddable":true,"href":"https:\/\/encuentroinformativo.com.mx\/index.php?rest_route=\/wp\/v2\/users\/1"}],"replies":[{"embeddable":true,"href":"https:\/\/encuentroinformativo.com.mx\/index.php?rest_route=%2Fwp%2Fv2%2Fcomments&post=22889"}],"version-history":[{"count":1,"href":"https:\/\/encuentroinformativo.com.mx\/index.php?rest_route=\/wp\/v2\/posts\/22889\/revisions"}],"predecessor-version":[{"id":22891,"href":"https:\/\/encuentroinformativo.com.mx\/index.php?rest_route=\/wp\/v2\/posts\/22889\/revisions\/22891"}],"wp:featuredmedia":[{"embeddable":true,"href":"https:\/\/encuentroinformativo.com.mx\/index.php?rest_route=\/wp\/v2\/media\/22890"}],"wp:attachment":[{"href":"https:\/\/encuentroinformativo.com.mx\/index.php?rest_route=%2Fwp%2Fv2%2Fmedia&parent=22889"}],"wp:term":[{"taxonomy":"category","embeddable":true,"href":"https:\/\/encuentroinformativo.com.mx\/index.php?rest_route=%2Fwp%2Fv2%2Fcategories&post=22889"},{"taxonomy":"post_tag","embeddable":true,"href":"https:\/\/encuentroinformativo.com.mx\/index.php?rest_route=%2Fwp%2Fv2%2Ftags&post=22889"}],"curies":[{"name":"wp","href":"https:\/\/api.w.org\/{rel}","templated":true}]}}