{"id":22892,"date":"2022-01-29T15:14:47","date_gmt":"2022-01-29T21:14:47","guid":{"rendered":"https:\/\/encuentroinformativo.com.mx\/?p=22892"},"modified":"2022-01-29T15:14:52","modified_gmt":"2022-01-29T21:14:52","slug":"morena-ira-en-alianza-en-3-de-las-4-elecciones-extraordinarias","status":"publish","type":"post","link":"https:\/\/encuentroinformativo.com.mx\/?p=22892","title":{"rendered":"Morena ir\u00e1 en alianza en 3 de las 4 elecciones extraordinarias"},"content":{"rendered":"\n<p><strong>Alejandro \u00c1vila<\/strong><\/p>\n\n\n\n<p>Boca del R\u00edo, Ver.- En las pr\u00f3ximas elecciones extraordinarias a realizarse en cuatro municipios de la entidad veracruzana, el Movimiento de Regeneraci\u00f3n Nacional (Morena) ir\u00e1 en alianza en tres de ellas, confirmo el delegado en funciones de presidente, Esteban Ram\u00edrez Zepeta.<\/p>\n\n\n\n<p>La alianza ya est\u00e1 cerrada con el Partido Verde Ecologista (PVEM), y el Partido del Trabajo (PT), en el municipio de Amatitl\u00e1n, resta por confirmar los municipios de Chiconamel y Tlacotepec de Mej\u00eda; mientras que aseguro, en Jes\u00fas Carranza, por obvias razones pol\u00edticas ir\u00e1n solos.<\/p>\n\n\n\n<p>&#8220;En Amatitl\u00e1n va encabezar el PT, c\u00f3mo pas\u00f3 en la elecci\u00f3n anterior, y pues en Jes\u00fas Carranza vamos solos, qu\u00e9 es una propuesta propia de Morena. Y falta cerrar como te digo, Chiconamel y Tlacotepec&#8221;, mencion\u00f3.<\/p>\n\n\n\n<p>Ram\u00edrez Zepeta aclar\u00f3 que en el municipio de Chiconamel la abanderada ser\u00e1 una mujer con una propuesta ind\u00edgena, y resalt\u00f3 que en Tlacotepec de Mej\u00eda, tambi\u00e9n tendr\u00e1 que ser mujer la candidata.<\/p>\n\n\n\n<p>El dirigente morenista reconoci\u00f3 que existe buen di\u00e1logo con sus hom\u00f3logos del Verde Ecologista y del PT, por lo que no habr\u00e1 problema para confirmar las alianzas antes del 4 de Febrero, fecha l\u00edmite para entregar sus propuestas de candidatos.<\/p>\n","protected":false},"excerpt":{"rendered":"<p>Alejandro \u00c1vila Boca del R\u00edo, Ver.- En las pr\u00f3ximas elecciones extraordinarias a realizarse en cuatro municipios de la entidad veracruzana, el Movimiento de Regeneraci\u00f3n Nacional (Morena) ir\u00e1 en alianza en tres de ellas, confirmo el delegado en funciones de presidente, Esteban Ram\u00edrez Zepeta. La alianza ya est\u00e1 cerrada con el Partido Verde Ecologista (PVEM), y [&hellip;]<\/p>\n","protected":false},"author":1,"featured_media":22893,"comment_status":"open","ping_status":"open","sticky":false,"template":"","format":"standard","meta":{"_jetpack_memberships_contains_paid_content":false,"footnotes":""},"categories":[2],"tags":[],"class_list":["post-22892","post","type-post","status-publish","format-standard","has-post-thumbnail","hentry","category-estado"],"jetpack_featured_media_url":"https:\/\/encuentroinformativo.com.mx\/wp-content\/uploads\/2022\/01\/26A7F1B0-C1A3-4C06-8360-C462E23FEAE4.jpeg","jetpack_sharing_enabled":true,"jetpack_likes_enabled":true,"amp_enabled":true,"_links":{"self":[{"href":"https:\/\/encuentroinformativo.com.mx\/index.php?rest_route=\/wp\/v2\/posts\/22892","targetHints":{"allow":["GET"]}}],"collection":[{"href":"https:\/\/encuentroinformativo.com.mx\/index.php?rest_route=\/wp\/v2\/posts"}],"about":[{"href":"https:\/\/encuentroinformativo.com.mx\/index.php?rest_route=\/wp\/v2\/types\/post"}],"author":[{"embeddable":true,"href":"https:\/\/encuentroinformativo.com.mx\/index.php?rest_route=\/wp\/v2\/users\/1"}],"replies":[{"embeddable":true,"href":"https:\/\/encuentroinformativo.com.mx\/index.php?rest_route=%2Fwp%2Fv2%2Fcomments&post=22892"}],"version-history":[{"count":1,"href":"https:\/\/encuentroinformativo.com.mx\/index.php?rest_route=\/wp\/v2\/posts\/22892\/revisions"}],"predecessor-version":[{"id":22894,"href":"https:\/\/encuentroinformativo.com.mx\/index.php?rest_route=\/wp\/v2\/posts\/22892\/revisions\/22894"}],"wp:featuredmedia":[{"embeddable":true,"href":"https:\/\/encuentroinformativo.com.mx\/index.php?rest_route=\/wp\/v2\/media\/22893"}],"wp:attachment":[{"href":"https:\/\/encuentroinformativo.com.mx\/index.php?rest_route=%2Fwp%2Fv2%2Fmedia&parent=22892"}],"wp:term":[{"taxonomy":"category","embeddable":true,"href":"https:\/\/encuentroinformativo.com.mx\/index.php?rest_route=%2Fwp%2Fv2%2Fcategories&post=22892"},{"taxonomy":"post_tag","embeddable":true,"href":"https:\/\/encuentroinformativo.com.mx\/index.php?rest_route=%2Fwp%2Fv2%2Ftags&post=22892"}],"curies":[{"name":"wp","href":"https:\/\/api.w.org\/{rel}","templated":true}]}}