{"id":22895,"date":"2022-01-29T15:17:00","date_gmt":"2022-01-29T21:17:00","guid":{"rendered":"https:\/\/encuentroinformativo.com.mx\/?p=22895"},"modified":"2022-01-29T15:17:04","modified_gmt":"2022-01-29T21:17:04","slug":"sectur-y-ayuntamiento-de-veracruz-daran-posicionamiento-sobre-carnaval","status":"publish","type":"post","link":"https:\/\/encuentroinformativo.com.mx\/?p=22895","title":{"rendered":"SECTUR y Ayuntamiento de Veracruz dar\u00e1n posicionamiento sobre Carnaval"},"content":{"rendered":"\n<p><strong>Alejandro \u00c1vila<\/strong><\/p>\n\n\n\n<p>Boca del R\u00edo, Ver.- La secretaria de Turismo, X\u00f3chitl Arbes\u00fa Lago, confirm\u00f3 acercamiento con el Ayuntamiento de Veracruz, para la realizaci\u00f3n del Carnaval en su edici\u00f3n 2022.<\/p>\n\n\n\n<p>La funcionaria estatal mencion\u00f3 que en pr\u00f3ximos d\u00edas podr\u00eda darse el mismo pronunciamiento por parte de la dependencia a su cargo as\u00ed como de los encargados de la festividad en el municipio de Veracruz; de la misma manera, reconoci\u00f3 que por temas presupuestales y de pandemia, el Carnaval tuvo que ser modificado en su fecha, de febrero al segundo semestre del a\u00f1o.<\/p>\n\n\n\n<p>&#8220;Estaremos realizando en conjunto despu\u00e9s de junio, en junio &#8211; julio, en junio tenemos el primer fin de semana el Salsa Fest, confirmado ya, en Boca del R\u00edo. Y seguramente a finales de junio, principio de julio, podr\u00eda darse el carnaval aqu\u00ed en Veracruz&#8221;, subray\u00f3.<\/p>\n\n\n\n<p>En otro tema, confirmo qu\u00e9 la Cumbre Taj\u00edn sigue en pie, y se encuentran en pl\u00e1ticas con el delegado del Instituto Nacional de Antropolog\u00eda e Historia (INAH), para que logre abrir la Zona Arqueol\u00f3gica de Taj\u00edn y el resto de los espacios tur\u00edsticos a su cargo, a fin de lograr un repunte en las visitas a la entidad veracruzana, y una derrama econ\u00f3mica en beneficio de los pobladores de cada regi\u00f3n.<\/p>\n\n\n\n<p>&#8220;Recibimos la semana pasada a Diego Prieto, el delegado Federal ver INAH, ya nos juro y nos perjuro que antes de Cumbre Taj\u00edn estar\u00e1 abierta -zona arqueol\u00f3gica-, estamos todos en disposici\u00f3n de poder colaborar, de poder exigir que esto pueda ser (\u2026) no tenemos ahorita fecha, ojal\u00e1 que sea antes del 18 -de marzo- (\u2026) tenemos conocimiento de que hay algunos da\u00f1os en los edificios, si se le puede llamar as\u00ed, de la zona arqueol\u00f3gica, no por el tema de la falta de afluencia, sino por el tema del hurac\u00e1n Grace&#8221;, remat\u00f3.<\/p>\n","protected":false},"excerpt":{"rendered":"<p>Alejandro \u00c1vila Boca del R\u00edo, Ver.- La secretaria de Turismo, X\u00f3chitl Arbes\u00fa Lago, confirm\u00f3 acercamiento con el Ayuntamiento de Veracruz, para la realizaci\u00f3n del Carnaval en su edici\u00f3n 2022. La funcionaria estatal mencion\u00f3 que en pr\u00f3ximos d\u00edas podr\u00eda darse el mismo pronunciamiento por parte de la dependencia a su cargo as\u00ed como de los encargados [&hellip;]<\/p>\n","protected":false},"author":1,"featured_media":22896,"comment_status":"open","ping_status":"open","sticky":false,"template":"","format":"standard","meta":{"_jetpack_memberships_contains_paid_content":false,"footnotes":""},"categories":[2],"tags":[],"class_list":["post-22895","post","type-post","status-publish","format-standard","has-post-thumbnail","hentry","category-estado"],"jetpack_featured_media_url":"https:\/\/encuentroinformativo.com.mx\/wp-content\/uploads\/2022\/01\/E0E1F686-AC05-4067-BCD8-067DBB4A0520.jpeg","jetpack_sharing_enabled":true,"jetpack_likes_enabled":true,"amp_enabled":true,"_links":{"self":[{"href":"https:\/\/encuentroinformativo.com.mx\/index.php?rest_route=\/wp\/v2\/posts\/22895","targetHints":{"allow":["GET"]}}],"collection":[{"href":"https:\/\/encuentroinformativo.com.mx\/index.php?rest_route=\/wp\/v2\/posts"}],"about":[{"href":"https:\/\/encuentroinformativo.com.mx\/index.php?rest_route=\/wp\/v2\/types\/post"}],"author":[{"embeddable":true,"href":"https:\/\/encuentroinformativo.com.mx\/index.php?rest_route=\/wp\/v2\/users\/1"}],"replies":[{"embeddable":true,"href":"https:\/\/encuentroinformativo.com.mx\/index.php?rest_route=%2Fwp%2Fv2%2Fcomments&post=22895"}],"version-history":[{"count":1,"href":"https:\/\/encuentroinformativo.com.mx\/index.php?rest_route=\/wp\/v2\/posts\/22895\/revisions"}],"predecessor-version":[{"id":22897,"href":"https:\/\/encuentroinformativo.com.mx\/index.php?rest_route=\/wp\/v2\/posts\/22895\/revisions\/22897"}],"wp:featuredmedia":[{"embeddable":true,"href":"https:\/\/encuentroinformativo.com.mx\/index.php?rest_route=\/wp\/v2\/media\/22896"}],"wp:attachment":[{"href":"https:\/\/encuentroinformativo.com.mx\/index.php?rest_route=%2Fwp%2Fv2%2Fmedia&parent=22895"}],"wp:term":[{"taxonomy":"category","embeddable":true,"href":"https:\/\/encuentroinformativo.com.mx\/index.php?rest_route=%2Fwp%2Fv2%2Fcategories&post=22895"},{"taxonomy":"post_tag","embeddable":true,"href":"https:\/\/encuentroinformativo.com.mx\/index.php?rest_route=%2Fwp%2Fv2%2Ftags&post=22895"}],"curies":[{"name":"wp","href":"https:\/\/api.w.org\/{rel}","templated":true}]}}