{"id":22909,"date":"2022-01-30T15:51:35","date_gmt":"2022-01-30T21:51:35","guid":{"rendered":"https:\/\/encuentroinformativo.com.mx\/?p=22909"},"modified":"2022-01-30T15:51:38","modified_gmt":"2022-01-30T21:51:38","slug":"ocupa-veracruz-tercer-lugar-en-muertes-por-cancer","status":"publish","type":"post","link":"https:\/\/encuentroinformativo.com.mx\/?p=22909","title":{"rendered":"Ocupa Veracruz tercer lugar en muertes por c\u00e1ncer"},"content":{"rendered":"\n<p><strong>Juan Arcos <\/strong><\/p>\n\n\n\n<p>Xalapa, Ver.- El estado de Veracruz ocupa el tercer lugar a nivel nacional con el mayor n\u00famero de muertes por c\u00e1ncer.<\/p>\n\n\n\n<p>En la primera posici\u00f3n se encuentra la Ciudad de M\u00e9xico, seguido de Sonora, Veracruz y Sinaloa, revel\u00f3 el m\u00e9dico \u00d3scar Arrieta, Coordinador de la Unidad Funcional de Oncolog\u00eda Tor\u00e1cica y Jefe del Laboratorio de Medicina Personalizada del Instituto Nacional de Cancerolog\u00eda de M\u00e9xico (INCan).<\/p>\n\n\n\n<p>El especialista se\u00f1al\u00f3 que la mortalidad por c\u00e1ncer va aumentando de manera exponencial en los pa\u00edses en v\u00edas de desarrollo, como en M\u00e9xico, donde se registraron m\u00e1s de 83 mil defunciones.\u00a0A su juicio, el c\u00e1ncer de pulm\u00f3n sigue siendo la primera causa de muerte en M\u00e9xico, seguido del de pr\u00f3stata, cervicouterino, de mama y de h\u00edgado.<\/p>\n\n\n\n<p>\u201cEn M\u00e9xico hace falta un Registro Nacional de C\u00e1ncer, que es sumamente importante para emprender pol\u00edticas p\u00fablicas a favor de la salud y que permitir\u00eda resolver los principales problemas para combatir la enfermedad como lo son: Los medicamentos de alto costo para los pacientes, falta de investigaci\u00f3n en C\u00e1ncer, retardo en la aprobaci\u00f3n de medicamentos donde en M\u00e9xico tardan 2 o 4 a\u00f1os cuando en otros pa\u00edses son meses\u201d.<\/p>\n\n\n\n<p>Adem\u00e1s, hacen falta programas para detectar e interpretar estudios de prevenci\u00f3n como las mastograf\u00edas\u201d, expres\u00f3.<\/p>\n\n\n\n<p>El m\u00e9dico refiri\u00f3 que la pandemia por Covid-19 ha afectado a los pacientes con c\u00e1ncer m\u00e1s all\u00e1 del contagio, debido a que muchos sistemas de salud se han enfocado en tratar la pandemia, dejando de lado el diagn\u00f3stico y tratamiento.<\/p>\n\n\n\n<p>Esta situaci\u00f3n ha generado un peor pron\u00f3stico para los pacientes, mayor costo de tratamiento y v\u00edctimas, por el retraso que se ha dado.<\/p>\n\n\n\n<p>El m\u00e9dico onc\u00f3logo \u00d3scar Arrieta afirm\u00f3 que entre el 40 y el 50 por ciento de los c\u00e1nceres son prevenibles.<\/p>\n\n\n\n<p>A su juicio, el tabaquismo y la obesidad entre otros factores de riesgo se pueden controlar. El impacto econ\u00f3mico del c\u00e1ncer en nuestro pa\u00eds es muy significativo, por ello detectarlo de manera temprana es imperativo para reducir los costos de tratarlo.<\/p>\n","protected":false},"excerpt":{"rendered":"<p>Juan Arcos Xalapa, Ver.- El estado de Veracruz ocupa el tercer lugar a nivel nacional con el mayor n\u00famero de muertes por c\u00e1ncer. En la primera posici\u00f3n se encuentra la Ciudad de M\u00e9xico, seguido de Sonora, Veracruz y Sinaloa, revel\u00f3 el m\u00e9dico \u00d3scar Arrieta, Coordinador de la Unidad Funcional de Oncolog\u00eda Tor\u00e1cica y Jefe del [&hellip;]<\/p>\n","protected":false},"author":1,"featured_media":22910,"comment_status":"open","ping_status":"open","sticky":false,"template":"","format":"standard","meta":{"_jetpack_memberships_contains_paid_content":false,"footnotes":""},"categories":[9],"tags":[],"class_list":["post-22909","post","type-post","status-publish","format-standard","has-post-thumbnail","hentry","category-salud"],"jetpack_featured_media_url":"https:\/\/encuentroinformativo.com.mx\/wp-content\/uploads\/2022\/01\/4DFBD1D1-F9E5-4FE9-8D01-6C0D4D42B931.jpeg","jetpack_sharing_enabled":true,"jetpack_likes_enabled":true,"amp_enabled":true,"_links":{"self":[{"href":"https:\/\/encuentroinformativo.com.mx\/index.php?rest_route=\/wp\/v2\/posts\/22909","targetHints":{"allow":["GET"]}}],"collection":[{"href":"https:\/\/encuentroinformativo.com.mx\/index.php?rest_route=\/wp\/v2\/posts"}],"about":[{"href":"https:\/\/encuentroinformativo.com.mx\/index.php?rest_route=\/wp\/v2\/types\/post"}],"author":[{"embeddable":true,"href":"https:\/\/encuentroinformativo.com.mx\/index.php?rest_route=\/wp\/v2\/users\/1"}],"replies":[{"embeddable":true,"href":"https:\/\/encuentroinformativo.com.mx\/index.php?rest_route=%2Fwp%2Fv2%2Fcomments&post=22909"}],"version-history":[{"count":1,"href":"https:\/\/encuentroinformativo.com.mx\/index.php?rest_route=\/wp\/v2\/posts\/22909\/revisions"}],"predecessor-version":[{"id":22911,"href":"https:\/\/encuentroinformativo.com.mx\/index.php?rest_route=\/wp\/v2\/posts\/22909\/revisions\/22911"}],"wp:featuredmedia":[{"embeddable":true,"href":"https:\/\/encuentroinformativo.com.mx\/index.php?rest_route=\/wp\/v2\/media\/22910"}],"wp:attachment":[{"href":"https:\/\/encuentroinformativo.com.mx\/index.php?rest_route=%2Fwp%2Fv2%2Fmedia&parent=22909"}],"wp:term":[{"taxonomy":"category","embeddable":true,"href":"https:\/\/encuentroinformativo.com.mx\/index.php?rest_route=%2Fwp%2Fv2%2Fcategories&post=22909"},{"taxonomy":"post_tag","embeddable":true,"href":"https:\/\/encuentroinformativo.com.mx\/index.php?rest_route=%2Fwp%2Fv2%2Ftags&post=22909"}],"curies":[{"name":"wp","href":"https:\/\/api.w.org\/{rel}","templated":true}]}}