{"id":22919,"date":"2022-01-30T16:11:43","date_gmt":"2022-01-30T22:11:43","guid":{"rendered":"https:\/\/encuentroinformativo.com.mx\/?p=22919"},"modified":"2022-01-31T10:14:43","modified_gmt":"2022-01-31T16:14:43","slug":"por-contagios-covid-suspenden-clases-presenciales-en-telesecundaria-anexa-a-la-normal","status":"publish","type":"post","link":"https:\/\/encuentroinformativo.com.mx\/?p=22919","title":{"rendered":"Por contagios COVID, suspenden clases presenciales en telesecundaria anexa a la Normal"},"content":{"rendered":"\n<p><strong>Juan Arcos<\/strong><\/p>\n\n\n\n<p>Xalapa, Ver.- Por contagios de Sars-Cov2 (Covid-19), autoridades acad\u00e9micas suspendieron las clases presenciales durante tres semanas en la Telesecundaria Anexa a la Benem\u00e9rita Escuela Normal Veracruzana (BENV) \u201cEnrique C. Rebsamen\u201d, en Xalapa, la capital de Veracruz.<\/p>\n\n\n\n<p>A trav\u00e9s de un comunicado, la instituci\u00f3n inform\u00f3 a las madres y padres de familia que las clases ser\u00e1n virtuales y que el retorno a las aulas ser\u00e1 hasta el pr\u00f3ximo 21 de febrero.<\/p>\n\n\n\n<p>Se tom\u00f3 dicha decisi\u00f3n debido a los constantes casos positivos de coronavirus entre el personal de la instituci\u00f3n educativa, alumnado y familiares de ellos, para evitar que la enfermedad contin\u00fae propag\u00e1ndose.<\/p>\n\n\n\n<p>\u201cDespu\u00e9s de un an\u00e1lisis de la situaci\u00f3n nos vemos en la necesidad de suspender las clases durante tres semanas, mismas en las que sus hijos ser\u00e1n atendidos de manera virtual (mediante la plataforma de zoom, classroom y correo electr\u00f3nico)\u201d, se lee en la circular.<\/p>\n\n\n\n<p>Tambi\u00e9n se explica que los docentes de cada grado realizar\u00e1n las actividades correspondientes en cada grupo,para ello se informar\u00e1 a los tutores la din\u00e1mica de trabajo durante este periodo provisional de actividades virtuales escolares.<\/p>\n\n\n\n<p>\u201cAl t\u00e9rmino de este periodo virtual, se retornar\u00e1 a las actividades escolares presenciales en la din\u00e1mica de asistencia y horario acostumbrado, todos deber\u00e1n portar su cubreboca, gel antibacterial, papel higi\u00e9nico, toallas desinfectantes y dem\u00e1s insumos que conforman el kit, as\u00ed como respetar la sana distancia\u201d.<\/p>\n\n\n\n<p>El documento est\u00e1 firmado por el Comit\u00e9 Participativo de Salud Escolar, la Asociaci\u00f3n de Padres de Familia y el Colectivo Docente y Direcci\u00f3n Escolar, con fecha del 30 de enero de 2022.<\/p>\n\n\n\n<p>El plantel se encuentra sobre la avenida Adolfo Ruiz Cortines, esquina prolongaci\u00f3n Villahermosa, en la colonia Unidad Magisterial de la ciudad de Xalapa.<\/p>\n","protected":false},"excerpt":{"rendered":"<p>Juan Arcos Xalapa, Ver.- Por contagios de Sars-Cov2 (Covid-19), autoridades acad\u00e9micas suspendieron las clases presenciales durante tres semanas en la Telesecundaria Anexa a la Benem\u00e9rita Escuela Normal Veracruzana (BENV) \u201cEnrique C. Rebsamen\u201d, en Xalapa, la capital de Veracruz. A trav\u00e9s de un comunicado, la instituci\u00f3n inform\u00f3 a las madres y padres de familia que las [&hellip;]<\/p>\n","protected":false},"author":1,"featured_media":22920,"comment_status":"open","ping_status":"open","sticky":false,"template":"","format":"standard","meta":{"_jetpack_memberships_contains_paid_content":false,"footnotes":""},"categories":[9],"tags":[],"class_list":["post-22919","post","type-post","status-publish","format-standard","has-post-thumbnail","hentry","category-salud"],"jetpack_featured_media_url":"https:\/\/encuentroinformativo.com.mx\/wp-content\/uploads\/2022\/01\/05D7A29F-484F-4D05-B505-1403651B055A.jpeg","jetpack_sharing_enabled":true,"jetpack_likes_enabled":true,"amp_enabled":true,"_links":{"self":[{"href":"https:\/\/encuentroinformativo.com.mx\/index.php?rest_route=\/wp\/v2\/posts\/22919","targetHints":{"allow":["GET"]}}],"collection":[{"href":"https:\/\/encuentroinformativo.com.mx\/index.php?rest_route=\/wp\/v2\/posts"}],"about":[{"href":"https:\/\/encuentroinformativo.com.mx\/index.php?rest_route=\/wp\/v2\/types\/post"}],"author":[{"embeddable":true,"href":"https:\/\/encuentroinformativo.com.mx\/index.php?rest_route=\/wp\/v2\/users\/1"}],"replies":[{"embeddable":true,"href":"https:\/\/encuentroinformativo.com.mx\/index.php?rest_route=%2Fwp%2Fv2%2Fcomments&post=22919"}],"version-history":[{"count":1,"href":"https:\/\/encuentroinformativo.com.mx\/index.php?rest_route=\/wp\/v2\/posts\/22919\/revisions"}],"predecessor-version":[{"id":22921,"href":"https:\/\/encuentroinformativo.com.mx\/index.php?rest_route=\/wp\/v2\/posts\/22919\/revisions\/22921"}],"wp:featuredmedia":[{"embeddable":true,"href":"https:\/\/encuentroinformativo.com.mx\/index.php?rest_route=\/wp\/v2\/media\/22920"}],"wp:attachment":[{"href":"https:\/\/encuentroinformativo.com.mx\/index.php?rest_route=%2Fwp%2Fv2%2Fmedia&parent=22919"}],"wp:term":[{"taxonomy":"category","embeddable":true,"href":"https:\/\/encuentroinformativo.com.mx\/index.php?rest_route=%2Fwp%2Fv2%2Fcategories&post=22919"},{"taxonomy":"post_tag","embeddable":true,"href":"https:\/\/encuentroinformativo.com.mx\/index.php?rest_route=%2Fwp%2Fv2%2Ftags&post=22919"}],"curies":[{"name":"wp","href":"https:\/\/api.w.org\/{rel}","templated":true}]}}