{"id":22922,"date":"2022-01-31T11:17:23","date_gmt":"2022-01-31T17:17:23","guid":{"rendered":"https:\/\/encuentroinformativo.com.mx\/?p=22922"},"modified":"2022-01-31T11:17:28","modified_gmt":"2022-01-31T17:17:28","slug":"con-cien-comerciantes-boquenas-arranca-unidas-somos-mas-fuertes","status":"publish","type":"post","link":"https:\/\/encuentroinformativo.com.mx\/?p=22922","title":{"rendered":"Con cien comerciantes boque\u00f1as arranca &#8220;Unidas Somos M\u00e1s Fuertes&#8221;"},"content":{"rendered":"\n<p><strong>Alejandro \u00c1vila<\/strong><\/p>\n\n\n\n<p>Boca del R\u00edo, Ver.- Un total de 100 empresarias boque\u00f1as expondr\u00e1n sus productos este 12 y 13 de febrero en la Plaza C\u00edvica de la ciudad de Boca del R\u00edo, informo la directora del DIF Municipal Yamileth Herrera D\u00edaz.<\/p>\n\n\n\n<p>Este ser\u00e1 el primer programa que desarrolla el proyecto &#8220;Unidas Somos M\u00e1s Fuertes&#8221;, mismo que busca empoderar a los comerciantes y empresarias emprendedoras del municipio.<\/p>\n\n\n\n<p>Este &#8220;mercadito&#8221; que promueve el Ayuntamiento de Boca del R\u00edo, a trav\u00e9s del DIF Municipal, se colocara mes con mes en diversos puntos de la ciudad, con la finalidad de promover e incrementar las ventas de las productoras locales.<\/p>\n\n\n\n<p>&#8220;Vamos a ir probando lugares que obviamente les beneficien a ellas, hoy empezamos en Plaza C\u00edvica, qu\u00e9 es aqu\u00ed en el z\u00f3calo, dependiendo de la respuesta y el resultado, lo importante es que a ellas les vaya bien, y bueno, por el momento ese es el punto, pero no descartamos que posiblemente no iremos moviendo (\u2026) tenemos el proyecto para ampliarlo durante todo el a\u00f1o, queremos llegar a una meta de much\u00edsimas m\u00e1s mujeres y poder alcanzar y hacer un mercado much\u00edsimo m\u00e1s grande, sino incluso dividir obviamente tambi\u00e9n por segmentos, pero dependiendo de c\u00f3mo nos vaya en este primer mercado es como nos vamos a ir midiendo nosotros&#8221;, enfatiz\u00f3.<\/p>\n\n\n\n<p>La funcionaria municipal mencion\u00f3 que, todos los interesados en sumarse al &#8220;Mercadito Emprendedor&#8221; pueden solicitar informes a trav\u00e9s de las redes sociales del DIF Municipal, y ser\u00e1n canalizados a la subdirecci\u00f3n para el Desarrollo Integral de la Mujer.<\/p>\n\n\n\n<p>&#8220;Ahorita para este mercado se cierra la convocatoria, qu\u00e9 son las primeras 100; pero para que est\u00e9n al pendiente de la siguiente&#8221;, culmin\u00f3.<\/p>\n","protected":false},"excerpt":{"rendered":"<p>Alejandro \u00c1vila Boca del R\u00edo, Ver.- Un total de 100 empresarias boque\u00f1as expondr\u00e1n sus productos este 12 y 13 de febrero en la Plaza C\u00edvica de la ciudad de Boca del R\u00edo, informo la directora del DIF Municipal Yamileth Herrera D\u00edaz. Este ser\u00e1 el primer programa que desarrolla el proyecto &#8220;Unidas Somos M\u00e1s Fuertes&#8221;, mismo [&hellip;]<\/p>\n","protected":false},"author":1,"featured_media":22923,"comment_status":"open","ping_status":"open","sticky":false,"template":"","format":"standard","meta":{"_jetpack_memberships_contains_paid_content":false,"footnotes":""},"categories":[2],"tags":[],"class_list":["post-22922","post","type-post","status-publish","format-standard","has-post-thumbnail","hentry","category-estado"],"jetpack_featured_media_url":"https:\/\/encuentroinformativo.com.mx\/wp-content\/uploads\/2022\/01\/AC677BE6-CBD0-4B2D-AD5D-0985D5127E98.jpeg","jetpack_sharing_enabled":true,"jetpack_likes_enabled":true,"amp_enabled":true,"_links":{"self":[{"href":"https:\/\/encuentroinformativo.com.mx\/index.php?rest_route=\/wp\/v2\/posts\/22922","targetHints":{"allow":["GET"]}}],"collection":[{"href":"https:\/\/encuentroinformativo.com.mx\/index.php?rest_route=\/wp\/v2\/posts"}],"about":[{"href":"https:\/\/encuentroinformativo.com.mx\/index.php?rest_route=\/wp\/v2\/types\/post"}],"author":[{"embeddable":true,"href":"https:\/\/encuentroinformativo.com.mx\/index.php?rest_route=\/wp\/v2\/users\/1"}],"replies":[{"embeddable":true,"href":"https:\/\/encuentroinformativo.com.mx\/index.php?rest_route=%2Fwp%2Fv2%2Fcomments&post=22922"}],"version-history":[{"count":1,"href":"https:\/\/encuentroinformativo.com.mx\/index.php?rest_route=\/wp\/v2\/posts\/22922\/revisions"}],"predecessor-version":[{"id":22924,"href":"https:\/\/encuentroinformativo.com.mx\/index.php?rest_route=\/wp\/v2\/posts\/22922\/revisions\/22924"}],"wp:featuredmedia":[{"embeddable":true,"href":"https:\/\/encuentroinformativo.com.mx\/index.php?rest_route=\/wp\/v2\/media\/22923"}],"wp:attachment":[{"href":"https:\/\/encuentroinformativo.com.mx\/index.php?rest_route=%2Fwp%2Fv2%2Fmedia&parent=22922"}],"wp:term":[{"taxonomy":"category","embeddable":true,"href":"https:\/\/encuentroinformativo.com.mx\/index.php?rest_route=%2Fwp%2Fv2%2Fcategories&post=22922"},{"taxonomy":"post_tag","embeddable":true,"href":"https:\/\/encuentroinformativo.com.mx\/index.php?rest_route=%2Fwp%2Fv2%2Ftags&post=22922"}],"curies":[{"name":"wp","href":"https:\/\/api.w.org\/{rel}","templated":true}]}}