{"id":22925,"date":"2022-01-31T12:20:15","date_gmt":"2022-01-31T18:20:15","guid":{"rendered":"https:\/\/encuentroinformativo.com.mx\/?p=22925"},"modified":"2022-01-31T12:20:19","modified_gmt":"2022-01-31T18:20:19","slug":"con-apoyo-del-gobierno-del-estado-xalapa-va-a-cambiar-ricardo-ahued","status":"publish","type":"post","link":"https:\/\/encuentroinformativo.com.mx\/?p=22925","title":{"rendered":"Con apoyo del Gobierno del Estado Xalapa va a cambiar: Ricardo Ahued"},"content":{"rendered":"\n<p><strong>*Reconoce Gobernador voluntad pol\u00edtica del Cabildo por autorizar firma de Convenio de Coordinaci\u00f3n Administrativa<\/strong>.<br>\u00a0<br>Xalapa, Ver.- Con armon\u00eda, respeto y coordinaci\u00f3n, Estado y Ayuntamiento trabajaremos en beneficio de la poblaci\u00f3n xalape\u00f1a, asegur\u00f3 el presidente municipal Ricardo Ahued Bardahuil durante la firma del Convenio de Coordinaci\u00f3n administrativa entre la Secretar\u00eda de Finanzas y Planeaci\u00f3n (Sefiplan) y el Gobierno Municipal.<br>\u00a0<br>Dijo que este documento representa beneficios econ\u00f3micos para la ciudad, ya que implica el acceso a una bolsa especial de recursos en el marco de la Ley de Coordinaci\u00f3n Fiscal para el Estado y los Municipios de Veracruz.<br>\u00a0<br>Agradeci\u00f3 a las y los integrantes del Cabildo por haber dado su aprobaci\u00f3n para que este acto sucediera y con ello se fortalezcan las finanzas locales.<br>\u201cA ra\u00edz de la coordinaci\u00f3n entre ediles, gobierno local y gobierno estatal, Xalapa va a cambiar\u201d, afirm\u00f3.<br>\u00a0<br>El Presidente Municipal aprovech\u00f3 para recordar la reciente aprobaci\u00f3n por parte del Gobierno del Estado de una inversi\u00f3n de 90 millones de pesos para construir la segunda etapa del colector Coatzacoalcos y parte del Tecolutla, en beneficio de 35 mil personas.<br>Adem\u00e1s \u00a0solicit\u00f3 el apoyo del Cabildo para pr\u00f3ximamente signar un nuevo convenio enfocado a la repavimentaci\u00f3n con concreto hidr\u00e1ulico de la avenida L\u00e1zaro C\u00e1rdenas y otros puntos de la ciudad.<br>\u00a0<br>De acuerdo con el gobernador Cuitl\u00e1huac Garc\u00eda Jim\u00e9nez, a trav\u00e9s de este convenio se pretende dotar de m\u00e1s recursos al Ayuntamiento de una manera transparente, por lo que la firma se realiza de frente a la ciudadan\u00eda, esperando hacer eco en el resto de los ayuntamientos de la entidad, para que m\u00e1s municipios participen en esta estrategia.<br>\u00a0<br>\u201cNo se busca cobrar el Predial para beneficio del Gobierno del Estado, sino facilitar el cobro de este recurso y adem\u00e1s entregar una bolsa extra que servir\u00e1 para impulsar el desarrollo en el municipio\u201d, aclar\u00f3.<br>\u00a0<br>Reconoci\u00f3 la voluntad pol\u00edtica del Cabildo que, dijo, deja evidencia de que la colaboraci\u00f3n no s\u00f3lo existe entre \u00f3rdenes de gobierno, sino tambi\u00e9n al interior del Ayuntamiento, donde con actitud positiva se buscan las mejores formas de financiar proyectos.<br>\u00a0<br>\u201cPor un lado hay m\u00e1s recursos y por el otro hay m\u00e1s transparencia. Estamos todos por el inter\u00e9s m\u00e1ximo de beneficiar a la gente y estamos unidos\u201d, concluy\u00f3.<br>\u00a0<br>El titular de la Sefiplan, Jos\u00e9 Luis Lima Franco, detall\u00f3 que el documento brinda acceso a los ayuntamientos a un incentivo de 30 por ciento adicional de recursos dentro del Fondo de Fomento Municipal, adem\u00e1s de ofrecer a la ciudadan\u00eda una nueva opci\u00f3n para cumplir con sus obligaciones c\u00edvicas a trav\u00e9s de la Oficina Virtual de Hacienda (OVH).<br>\u00a0<br>Asistieron la s\u00edndica \u00fanica Cecilia Coronel Brizio, regidoras y regidores, la secretaria del Trabajo, Previsi\u00f3n Social y Productividad, Dorheny Garc\u00eda Cayetano, representantes del Consejo Coordinador Empresarial (CCE), funcionarias y funcionarios estatales y municipales.<\/p>\n","protected":false},"excerpt":{"rendered":"<p>*Reconoce Gobernador voluntad pol\u00edtica del Cabildo por autorizar firma de Convenio de Coordinaci\u00f3n Administrativa.\u00a0Xalapa, Ver.- Con armon\u00eda, respeto y coordinaci\u00f3n, Estado y Ayuntamiento trabajaremos en beneficio de la poblaci\u00f3n xalape\u00f1a, asegur\u00f3 el presidente municipal Ricardo Ahued Bardahuil durante la firma del Convenio de Coordinaci\u00f3n administrativa entre la Secretar\u00eda de Finanzas y Planeaci\u00f3n (Sefiplan) y el [&hellip;]<\/p>\n","protected":false},"author":1,"featured_media":22926,"comment_status":"open","ping_status":"open","sticky":false,"template":"","format":"standard","meta":{"_jetpack_memberships_contains_paid_content":false,"footnotes":""},"categories":[3],"tags":[],"class_list":["post-22925","post","type-post","status-publish","format-standard","has-post-thumbnail","hentry","category-xalapa"],"jetpack_featured_media_url":"https:\/\/encuentroinformativo.com.mx\/wp-content\/uploads\/2022\/01\/9D481D42-EB04-4614-A86B-D42825BFACD5.jpeg","jetpack_sharing_enabled":true,"jetpack_likes_enabled":true,"amp_enabled":true,"_links":{"self":[{"href":"https:\/\/encuentroinformativo.com.mx\/index.php?rest_route=\/wp\/v2\/posts\/22925","targetHints":{"allow":["GET"]}}],"collection":[{"href":"https:\/\/encuentroinformativo.com.mx\/index.php?rest_route=\/wp\/v2\/posts"}],"about":[{"href":"https:\/\/encuentroinformativo.com.mx\/index.php?rest_route=\/wp\/v2\/types\/post"}],"author":[{"embeddable":true,"href":"https:\/\/encuentroinformativo.com.mx\/index.php?rest_route=\/wp\/v2\/users\/1"}],"replies":[{"embeddable":true,"href":"https:\/\/encuentroinformativo.com.mx\/index.php?rest_route=%2Fwp%2Fv2%2Fcomments&post=22925"}],"version-history":[{"count":1,"href":"https:\/\/encuentroinformativo.com.mx\/index.php?rest_route=\/wp\/v2\/posts\/22925\/revisions"}],"predecessor-version":[{"id":22927,"href":"https:\/\/encuentroinformativo.com.mx\/index.php?rest_route=\/wp\/v2\/posts\/22925\/revisions\/22927"}],"wp:featuredmedia":[{"embeddable":true,"href":"https:\/\/encuentroinformativo.com.mx\/index.php?rest_route=\/wp\/v2\/media\/22926"}],"wp:attachment":[{"href":"https:\/\/encuentroinformativo.com.mx\/index.php?rest_route=%2Fwp%2Fv2%2Fmedia&parent=22925"}],"wp:term":[{"taxonomy":"category","embeddable":true,"href":"https:\/\/encuentroinformativo.com.mx\/index.php?rest_route=%2Fwp%2Fv2%2Fcategories&post=22925"},{"taxonomy":"post_tag","embeddable":true,"href":"https:\/\/encuentroinformativo.com.mx\/index.php?rest_route=%2Fwp%2Fv2%2Ftags&post=22925"}],"curies":[{"name":"wp","href":"https:\/\/api.w.org\/{rel}","templated":true}]}}