{"id":22931,"date":"2022-01-31T12:52:24","date_gmt":"2022-01-31T18:52:24","guid":{"rendered":"https:\/\/encuentroinformativo.com.mx\/?p=22931"},"modified":"2022-01-31T12:52:27","modified_gmt":"2022-01-31T18:52:27","slug":"acuerdan-congreso-y-sectur-colaboracion-en-2022","status":"publish","type":"post","link":"https:\/\/encuentroinformativo.com.mx\/?p=22931","title":{"rendered":"Acuerdan Congreso y Sectur colaboraci\u00f3n en 2022"},"content":{"rendered":"\n<p><strong>*Celebran reuni\u00f3n para impulsar plan de trabajo en favor de los municipios del estado.<\/strong><\/p>\n\n\n\n<p>Xalapa, Ver.- La Comisi\u00f3n Permanente de Turismo llev\u00f3 a cabo una reuni\u00f3n con la titular de la Secretar\u00eda de Turismo y Cultura de Veracruz (Sectur), Xochitl Arbes\u00fa Lago, para estrechar la colaboraci\u00f3n interinstitucional y concretar acciones conjuntas en beneficio de los municipios del estado para este a\u00f1o.<\/p>\n\n\n\n<p>En el Palacio Legislativo, la diputada Janix Liliana Castro Mu\u00f1oz, el legislador Rafael Gustavo Fararoni Maga\u00f1a y la diputada Citlali Medell\u00edn Careaga, presidenta, secretario y vocal de la Comisi\u00f3n respectivamente, manifestaron a la funcionaria el inter\u00e9s de este Congreso de impulsar el desarrollo de los municipios veracruzanos con vocaci\u00f3n tur\u00edstica.<\/p>\n\n\n\n<p>Las y los legisladores dialogaron con la titular de la Sectur en torno al plan anual de trabajo, el Impuesto al Hospedaje, la conformaci\u00f3n del Consejo Consultivo y las principales fiestas y eventos del a\u00f1o en el estado como La Candelaria, Cumbre Taj\u00edn, el Salsa Fest, el Festival de las Velas y el Carnaval de Veracruz, entre otros temas.<\/p>\n\n\n\n<p>La Comisi\u00f3n reiter\u00f3 su voluntad de reforzar el trabajo que se realiza para apoyar por distritos tanto a los municipios que ya son conocidos por su vocaci\u00f3n tur\u00edstica como a los que buscan esta denominaci\u00f3n.<\/p>\n","protected":false},"excerpt":{"rendered":"<p>*Celebran reuni\u00f3n para impulsar plan de trabajo en favor de los municipios del estado. Xalapa, Ver.- La Comisi\u00f3n Permanente de Turismo llev\u00f3 a cabo una reuni\u00f3n con la titular de la Secretar\u00eda de Turismo y Cultura de Veracruz (Sectur), Xochitl Arbes\u00fa Lago, para estrechar la colaboraci\u00f3n interinstitucional y concretar acciones conjuntas en beneficio de los [&hellip;]<\/p>\n","protected":false},"author":1,"featured_media":22932,"comment_status":"open","ping_status":"open","sticky":false,"template":"","format":"standard","meta":{"_jetpack_memberships_contains_paid_content":false,"footnotes":""},"categories":[2],"tags":[],"class_list":["post-22931","post","type-post","status-publish","format-standard","has-post-thumbnail","hentry","category-estado"],"jetpack_featured_media_url":"https:\/\/encuentroinformativo.com.mx\/wp-content\/uploads\/2022\/01\/BF4D11D2-09AB-42EF-97CA-62543F2701D8.jpeg","jetpack_sharing_enabled":true,"jetpack_likes_enabled":true,"amp_enabled":true,"_links":{"self":[{"href":"https:\/\/encuentroinformativo.com.mx\/index.php?rest_route=\/wp\/v2\/posts\/22931","targetHints":{"allow":["GET"]}}],"collection":[{"href":"https:\/\/encuentroinformativo.com.mx\/index.php?rest_route=\/wp\/v2\/posts"}],"about":[{"href":"https:\/\/encuentroinformativo.com.mx\/index.php?rest_route=\/wp\/v2\/types\/post"}],"author":[{"embeddable":true,"href":"https:\/\/encuentroinformativo.com.mx\/index.php?rest_route=\/wp\/v2\/users\/1"}],"replies":[{"embeddable":true,"href":"https:\/\/encuentroinformativo.com.mx\/index.php?rest_route=%2Fwp%2Fv2%2Fcomments&post=22931"}],"version-history":[{"count":1,"href":"https:\/\/encuentroinformativo.com.mx\/index.php?rest_route=\/wp\/v2\/posts\/22931\/revisions"}],"predecessor-version":[{"id":22933,"href":"https:\/\/encuentroinformativo.com.mx\/index.php?rest_route=\/wp\/v2\/posts\/22931\/revisions\/22933"}],"wp:featuredmedia":[{"embeddable":true,"href":"https:\/\/encuentroinformativo.com.mx\/index.php?rest_route=\/wp\/v2\/media\/22932"}],"wp:attachment":[{"href":"https:\/\/encuentroinformativo.com.mx\/index.php?rest_route=%2Fwp%2Fv2%2Fmedia&parent=22931"}],"wp:term":[{"taxonomy":"category","embeddable":true,"href":"https:\/\/encuentroinformativo.com.mx\/index.php?rest_route=%2Fwp%2Fv2%2Fcategories&post=22931"},{"taxonomy":"post_tag","embeddable":true,"href":"https:\/\/encuentroinformativo.com.mx\/index.php?rest_route=%2Fwp%2Fv2%2Ftags&post=22931"}],"curies":[{"name":"wp","href":"https:\/\/api.w.org\/{rel}","templated":true}]}}