{"id":22934,"date":"2022-01-31T13:17:50","date_gmt":"2022-01-31T19:17:50","guid":{"rendered":"https:\/\/encuentroinformativo.com.mx\/?p=22934"},"modified":"2022-01-31T13:17:54","modified_gmt":"2022-01-31T19:17:54","slug":"por-veda-incorporaciones-a-programas-sociales-seran-hasta-el-15-de-abril","status":"publish","type":"post","link":"https:\/\/encuentroinformativo.com.mx\/?p=22934","title":{"rendered":"Por veda, incorporaciones a programas sociales ser\u00e1n  hasta el 15 de abril"},"content":{"rendered":"\n<p><strong>Alejandro \u00c1vila<\/strong><\/p>\n\n\n\n<p>Veracruz, Ver.- Manuel Huerta Ladr\u00f3n de Guevara asegur\u00f3 que la delegaci\u00f3n a su cargo se encuentra totalmente lista para acelerar los pagos de pensiones y programas sociales del gobierno Federal, antes de la veda por la consulta de revocaci\u00f3n de mandato.<\/p>\n\n\n\n<p>Este lunes hizo entrega presencial de la pensi\u00f3n &#8220;65 y m\u00e1s&#8221; en el auditorio &#8220;Benito Ju\u00e1rez&#8221; de la ciudad de Veracruz, donde resalt\u00f3, se logr\u00f3 concretar un padr\u00f3n de 165 mil nuevos beneficiados durante los \u00faltimos meses; adem\u00e1s, aclar\u00f3 que, a partir del 4 de febrero, cu\u00e1ndo inicia la veda, se cancelaran las incorporaciones a cualquier tipo de ayuda social.<\/p>\n\n\n\n<p>&#8220;Las incorporaciones en general de los programas, despu\u00e9s del 15 de abril, estamos pensando que la consulta tiene que ser el 10 de Abril (\u2026) para que respetemos ese esp\u00edritu de decisi\u00f3n, que el pueblo tenga pues para hacer valer el derecho al 39 constitucional, donde el pueblo decide en cualquier momento si un mandatario se queda o se va&#8221;, apunt\u00f3.<\/p>\n\n\n\n<p>En ese sentido, Manuel Huerta, dijo que las personas que cumplen 65 a\u00f1os en los meses de febrero, marzo y abril, podr\u00e1n ser registrados hasta despu\u00e9s del 15 de abril, y as\u00ed podr\u00e1n obtener pago de su pensi\u00f3n en los meses posteriores.<\/p>\n\n\n\n<p>En total, dijo que en la entidad veracruzana son cerca de 800 mil adultos mayores los que reciben su pensi\u00f3n y agreg\u00f3 que, solo existi\u00f3 un caso con problem\u00e1tica de presunta extorsi\u00f3n (en Xalapa) a un beneficiario, el cual ya qued\u00f3 solucionado.<\/p>\n\n\n\n<p>&#8220;La verdad, un caso merecer\u00eda actuar, y estamos actuando, y actuamos en este caso. Pero la verdad los adultos mayores son bien avispados, y a m\u00ed es lo que m\u00e1s gusto me da, si ustedes los ven, nos est\u00e1n presionando permanentemente, porque a veces, como yo dije ahorita, con algunos programas, y el presidente todos los d\u00edas lo ha dicho en la ma\u00f1ana, con algunos programas, al elefante reum\u00e1tico hay que estarlo picoteando&#8221;, culmin\u00f3.<\/p>\n","protected":false},"excerpt":{"rendered":"<p>Alejandro \u00c1vila Veracruz, Ver.- Manuel Huerta Ladr\u00f3n de Guevara asegur\u00f3 que la delegaci\u00f3n a su cargo se encuentra totalmente lista para acelerar los pagos de pensiones y programas sociales del gobierno Federal, antes de la veda por la consulta de revocaci\u00f3n de mandato. Este lunes hizo entrega presencial de la pensi\u00f3n &#8220;65 y m\u00e1s&#8221; en [&hellip;]<\/p>\n","protected":false},"author":1,"featured_media":22935,"comment_status":"open","ping_status":"open","sticky":false,"template":"","format":"standard","meta":{"_jetpack_memberships_contains_paid_content":false,"footnotes":""},"categories":[2],"tags":[],"class_list":["post-22934","post","type-post","status-publish","format-standard","has-post-thumbnail","hentry","category-estado"],"jetpack_featured_media_url":"https:\/\/encuentroinformativo.com.mx\/wp-content\/uploads\/2022\/01\/3BCDCA21-403A-49AC-B686-AB65A9118C0D.jpeg","jetpack_sharing_enabled":true,"jetpack_likes_enabled":true,"amp_enabled":true,"_links":{"self":[{"href":"https:\/\/encuentroinformativo.com.mx\/index.php?rest_route=\/wp\/v2\/posts\/22934","targetHints":{"allow":["GET"]}}],"collection":[{"href":"https:\/\/encuentroinformativo.com.mx\/index.php?rest_route=\/wp\/v2\/posts"}],"about":[{"href":"https:\/\/encuentroinformativo.com.mx\/index.php?rest_route=\/wp\/v2\/types\/post"}],"author":[{"embeddable":true,"href":"https:\/\/encuentroinformativo.com.mx\/index.php?rest_route=\/wp\/v2\/users\/1"}],"replies":[{"embeddable":true,"href":"https:\/\/encuentroinformativo.com.mx\/index.php?rest_route=%2Fwp%2Fv2%2Fcomments&post=22934"}],"version-history":[{"count":1,"href":"https:\/\/encuentroinformativo.com.mx\/index.php?rest_route=\/wp\/v2\/posts\/22934\/revisions"}],"predecessor-version":[{"id":22936,"href":"https:\/\/encuentroinformativo.com.mx\/index.php?rest_route=\/wp\/v2\/posts\/22934\/revisions\/22936"}],"wp:featuredmedia":[{"embeddable":true,"href":"https:\/\/encuentroinformativo.com.mx\/index.php?rest_route=\/wp\/v2\/media\/22935"}],"wp:attachment":[{"href":"https:\/\/encuentroinformativo.com.mx\/index.php?rest_route=%2Fwp%2Fv2%2Fmedia&parent=22934"}],"wp:term":[{"taxonomy":"category","embeddable":true,"href":"https:\/\/encuentroinformativo.com.mx\/index.php?rest_route=%2Fwp%2Fv2%2Fcategories&post=22934"},{"taxonomy":"post_tag","embeddable":true,"href":"https:\/\/encuentroinformativo.com.mx\/index.php?rest_route=%2Fwp%2Fv2%2Ftags&post=22934"}],"curies":[{"name":"wp","href":"https:\/\/api.w.org\/{rel}","templated":true}]}}