{"id":22937,"date":"2022-01-31T13:31:08","date_gmt":"2022-01-31T19:31:08","guid":{"rendered":"https:\/\/encuentroinformativo.com.mx\/?p=22937"},"modified":"2022-01-31T13:31:12","modified_gmt":"2022-01-31T19:31:12","slug":"por-chequeo-medico-justifica-cisneros-inasistencia-a-foro-energetico","status":"publish","type":"post","link":"https:\/\/encuentroinformativo.com.mx\/?p=22937","title":{"rendered":"Por chequeo m\u00e9dico, justifica Cisneros inasistencia a foro energ\u00e9tico"},"content":{"rendered":"\n<p><strong>Dar\u00edo Pale<\/strong><\/p>\n\n\n\n<p>Xalapa, Ver.- No hay ninguna ruptura entre los grupos de Morena asegur\u00f3 el secretario de gobierno Eric Cisneros Burgos, esto luego de que no asistiera al evento que se llev\u00f3 a cabo el pasado s\u00e1bado en Boca del R\u00edo donde estuvo presente Roc\u00edo Nahle.<\/p>\n\n\n\n<p>Entrevistado en Palacio de Gobierno brome\u00f3 respecto de que si no lo vieron es porque no fueron a dicho evento donde se trat\u00f3 el tema de la reforma el\u00e9ctrica, posteriormente aclar\u00f3 que no acudi\u00f3 por temas de salud, ya que le tocaba hacerse un chequeo de salud luego de padecer Covid-19 en el 2020.<\/p>\n\n\n\n<p>&#8220;El fin de semana me tocaba ese chequeo, por eso estuvimos atendiendo ese tema de salud. Nosotros trabajamos para todos los veracruzanos, no tiene por qu\u00e9 haber fractura de ning\u00fan tipo&#8221;, coment\u00f3.<\/p>\n\n\n\n<p>&#8220;Yo no s\u00e9 por qu\u00e9 se generan tantas suspicacias, los columnistas pueden dar la que quieran, nosotros estamos trabajando todos los d\u00edas&#8221;, agreg\u00f3.<\/p>\n\n\n\n<p>Se\u00f1al\u00f3 que debido al Covid tuvo afectaciones en los pulmones, por lo que se hace revisiones de manera peri\u00f3dica.<\/p>\n\n\n\n<p>Finalmente neg\u00f3 que tenga alguna secuela del padecimiento, pero no la pas\u00f3 muy bien cuando tuvo la enfermedad, incluso sigue haciendo algunos ejercicios de respiraci\u00f3n que le recomendaron.<\/p>\n","protected":false},"excerpt":{"rendered":"<p>Dar\u00edo Pale Xalapa, Ver.- No hay ninguna ruptura entre los grupos de Morena asegur\u00f3 el secretario de gobierno Eric Cisneros Burgos, esto luego de que no asistiera al evento que se llev\u00f3 a cabo el pasado s\u00e1bado en Boca del R\u00edo donde estuvo presente Roc\u00edo Nahle. Entrevistado en Palacio de Gobierno brome\u00f3 respecto de que [&hellip;]<\/p>\n","protected":false},"author":1,"featured_media":22938,"comment_status":"open","ping_status":"open","sticky":false,"template":"","format":"standard","meta":{"_jetpack_memberships_contains_paid_content":false,"footnotes":""},"categories":[2],"tags":[],"class_list":["post-22937","post","type-post","status-publish","format-standard","has-post-thumbnail","hentry","category-estado"],"jetpack_featured_media_url":"https:\/\/encuentroinformativo.com.mx\/wp-content\/uploads\/2022\/01\/D830AB8F-C129-4E44-AD04-A4455ECCCBCD.jpeg","jetpack_sharing_enabled":true,"jetpack_likes_enabled":true,"amp_enabled":true,"_links":{"self":[{"href":"https:\/\/encuentroinformativo.com.mx\/index.php?rest_route=\/wp\/v2\/posts\/22937","targetHints":{"allow":["GET"]}}],"collection":[{"href":"https:\/\/encuentroinformativo.com.mx\/index.php?rest_route=\/wp\/v2\/posts"}],"about":[{"href":"https:\/\/encuentroinformativo.com.mx\/index.php?rest_route=\/wp\/v2\/types\/post"}],"author":[{"embeddable":true,"href":"https:\/\/encuentroinformativo.com.mx\/index.php?rest_route=\/wp\/v2\/users\/1"}],"replies":[{"embeddable":true,"href":"https:\/\/encuentroinformativo.com.mx\/index.php?rest_route=%2Fwp%2Fv2%2Fcomments&post=22937"}],"version-history":[{"count":1,"href":"https:\/\/encuentroinformativo.com.mx\/index.php?rest_route=\/wp\/v2\/posts\/22937\/revisions"}],"predecessor-version":[{"id":22939,"href":"https:\/\/encuentroinformativo.com.mx\/index.php?rest_route=\/wp\/v2\/posts\/22937\/revisions\/22939"}],"wp:featuredmedia":[{"embeddable":true,"href":"https:\/\/encuentroinformativo.com.mx\/index.php?rest_route=\/wp\/v2\/media\/22938"}],"wp:attachment":[{"href":"https:\/\/encuentroinformativo.com.mx\/index.php?rest_route=%2Fwp%2Fv2%2Fmedia&parent=22937"}],"wp:term":[{"taxonomy":"category","embeddable":true,"href":"https:\/\/encuentroinformativo.com.mx\/index.php?rest_route=%2Fwp%2Fv2%2Fcategories&post=22937"},{"taxonomy":"post_tag","embeddable":true,"href":"https:\/\/encuentroinformativo.com.mx\/index.php?rest_route=%2Fwp%2Fv2%2Ftags&post=22937"}],"curies":[{"name":"wp","href":"https:\/\/api.w.org\/{rel}","templated":true}]}}