{"id":22952,"date":"2022-01-31T14:22:11","date_gmt":"2022-01-31T20:22:11","guid":{"rendered":"https:\/\/encuentroinformativo.com.mx\/?p=22952"},"modified":"2022-01-31T14:22:13","modified_gmt":"2022-01-31T20:22:13","slug":"coyotes-responsables-de-incendios-en-ixhuatlan-acusa-gobernador","status":"publish","type":"post","link":"https:\/\/encuentroinformativo.com.mx\/?p=22952","title":{"rendered":"\u2018Coyotes\u2019 responsables de incendios en Ixhuatl\u00e1n, acusa Gobernador"},"content":{"rendered":"\n<p><strong>Dar\u00edo Pale<\/strong><\/p>\n\n\n\n<p>Xalapa, Ver.- El gobernador del Estado Cuitl\u00e1huac Garc\u00eda Jim\u00e9nez dio a conocer que son los \u00a0coyotes los que incitaron a la quema del caf\u00e9, en Ixhuatl\u00e1n del Caf\u00e9 para que se ajusten las tarifas de los precios del arom\u00e1tico  a nivel nacional, por lo cual generan actos violentos los cuales terminaron en una denuncia penal por parte de los afectados.<\/p>\n\n\n\n<p>En conferencia de prensa realizada en la sala de Banderas de Palacio de Gobierno, se\u00f1al\u00f3 que, ellos como gobierno fueron intermediarios para poder llegar a una negociaci\u00f3n y parar el conflicto que se ten\u00eda, aunque este no se logr\u00f3.<\/p>\n\n\n\n<p>Por lo que se culp\u00f3 a terceras personas de pagar a un bajo costo el kilo de la cereza ocasionando inconformidad ante el sector cafetalero de la regi\u00f3n de Coatepec.<\/p>\n\n\n\n<p>&#8220;Ellos le compran muy barato el producto, al peque\u00f1o productor del caf\u00e9 y ellos tratan de presionar a los empresarios que tienen esta industria de tostado y que lleva todo el proceso al caf\u00e9 que le da el valor agregado incluso al caf\u00e9 para que sus ganancias sean grandes, eso es lo que estaba sucediendo en Ixhuatl\u00e1n del Caf\u00e9, le compran muy barato&#8221;, coment\u00f3.<\/p>\n\n\n\n<p>El Ejecutivo critic\u00f3 que se sigan dando este tipo de pr\u00e1cticas , generando problem\u00e1ticas, por lo que es necesario que no haya intermediario entre los productores y los compradores.<\/p>\n\n\n\n<p>Y es que es de recordar que la semana pasada, un grupo de cafetaleros se atrincher\u00f3 en el municipio de Ixhuatl\u00e1n del Caf\u00e9 generando desorden y hasta quemando una bodega para demandar un mejor pago al grabo de caf\u00e9 que se venden a grandes cadenas comerciales.<\/p>\n\n\n\n<p>En ese sentido, Garc\u00eda Jim\u00e9nez apunt\u00f3 que los precios no los pone el gobierno, si no que es una negociaci\u00f3n directa con las grandes cadenas internacionales, cosa que desde la Cuarta Transformaci\u00f3n se busca erradicar.<\/p>\n\n\n\n<p>\u201cPero pues as\u00ed lo han estructurado a nivel nacional , que hizo el presidente de la rep\u00fablica porque eso debe de ser una pol\u00edtica general, \u00fanica, apoyar a los peque\u00f1os productores a trav\u00e9s del apoyo al campo al caf\u00e9 que se da por la Sader y la Secretar\u00eda del Bienestar&#8221;, mencion\u00f3.<\/p>\n\n\n\n<p>Finalmente el gobernador veracruzano insisti\u00f3 en que los gobiernos tanto estatal como federal han apoyado de manera directa y en buen porcentaje a los peque\u00f1os productores de caf\u00e9 veracruzano<\/p>\n","protected":false},"excerpt":{"rendered":"<p>Dar\u00edo Pale Xalapa, Ver.- El gobernador del Estado Cuitl\u00e1huac Garc\u00eda Jim\u00e9nez dio a conocer que son los \u00a0coyotes los que incitaron a la quema del caf\u00e9, en Ixhuatl\u00e1n del Caf\u00e9 para que se ajusten las tarifas de los precios del arom\u00e1tico a nivel nacional, por lo cual generan actos violentos los cuales terminaron en una [&hellip;]<\/p>\n","protected":false},"author":1,"featured_media":22953,"comment_status":"open","ping_status":"open","sticky":false,"template":"","format":"standard","meta":{"_jetpack_memberships_contains_paid_content":false,"footnotes":""},"categories":[2],"tags":[],"class_list":["post-22952","post","type-post","status-publish","format-standard","has-post-thumbnail","hentry","category-estado"],"jetpack_featured_media_url":"https:\/\/encuentroinformativo.com.mx\/wp-content\/uploads\/2022\/01\/F62B965C-85F6-4F9F-A38B-E0997D8B62DD.jpeg","jetpack_sharing_enabled":true,"jetpack_likes_enabled":true,"amp_enabled":true,"_links":{"self":[{"href":"https:\/\/encuentroinformativo.com.mx\/index.php?rest_route=\/wp\/v2\/posts\/22952","targetHints":{"allow":["GET"]}}],"collection":[{"href":"https:\/\/encuentroinformativo.com.mx\/index.php?rest_route=\/wp\/v2\/posts"}],"about":[{"href":"https:\/\/encuentroinformativo.com.mx\/index.php?rest_route=\/wp\/v2\/types\/post"}],"author":[{"embeddable":true,"href":"https:\/\/encuentroinformativo.com.mx\/index.php?rest_route=\/wp\/v2\/users\/1"}],"replies":[{"embeddable":true,"href":"https:\/\/encuentroinformativo.com.mx\/index.php?rest_route=%2Fwp%2Fv2%2Fcomments&post=22952"}],"version-history":[{"count":1,"href":"https:\/\/encuentroinformativo.com.mx\/index.php?rest_route=\/wp\/v2\/posts\/22952\/revisions"}],"predecessor-version":[{"id":22954,"href":"https:\/\/encuentroinformativo.com.mx\/index.php?rest_route=\/wp\/v2\/posts\/22952\/revisions\/22954"}],"wp:featuredmedia":[{"embeddable":true,"href":"https:\/\/encuentroinformativo.com.mx\/index.php?rest_route=\/wp\/v2\/media\/22953"}],"wp:attachment":[{"href":"https:\/\/encuentroinformativo.com.mx\/index.php?rest_route=%2Fwp%2Fv2%2Fmedia&parent=22952"}],"wp:term":[{"taxonomy":"category","embeddable":true,"href":"https:\/\/encuentroinformativo.com.mx\/index.php?rest_route=%2Fwp%2Fv2%2Fcategories&post=22952"},{"taxonomy":"post_tag","embeddable":true,"href":"https:\/\/encuentroinformativo.com.mx\/index.php?rest_route=%2Fwp%2Fv2%2Ftags&post=22952"}],"curies":[{"name":"wp","href":"https:\/\/api.w.org\/{rel}","templated":true}]}}