{"id":22955,"date":"2022-01-31T15:40:26","date_gmt":"2022-01-31T21:40:26","guid":{"rendered":"https:\/\/encuentroinformativo.com.mx\/?p=22955"},"modified":"2022-01-31T15:40:29","modified_gmt":"2022-01-31T21:40:29","slug":"abren-convocatoria-para-aumentar-personal-de-bomberos-y-guardavidas","status":"publish","type":"post","link":"https:\/\/encuentroinformativo.com.mx\/?p=22955","title":{"rendered":"Abren convocatoria para aumentar personal de bomberos y guardavidas"},"content":{"rendered":"\n<p><strong>Alejandro \u00c1vila<\/strong><\/p>\n\n\n\n<p>Veracruz, Ver.- Una vez concluido el primer mes de trabajo de la nueva administraci\u00f3n municipal de Veracruz, se confirm\u00f3 es necesario aumentar el n\u00famero de elementos en el Heroico Cuerpo de Bomberos, la direcci\u00f3n de Protecci\u00f3n Civil,&nbsp; y guarda vidas en las playas veracruzanas.<\/p>\n\n\n\n<p>El director del \u00e1rea, Alfonso Garc\u00eda Cardona, se\u00f1al\u00f3 que se le hizo la solicitud a la alcaldesa, Patricia Lobeira Rodr\u00edguez, y est\u00e1 acept\u00f3 su propuesta, por lo que a partir de este primero de febrero se abre la convocatoria para quien est\u00e9 interesado en trabajar en las corporaciones mencionadas.<\/p>\n\n\n\n<p>El funcionario municipal detall\u00f3 que, cualquier interesado en sumarse a alguna de las corporaciones que buscan reforzar, deben dirigirse a la estaci\u00f3n de bomberos ubicada en la calle Ignacio Zaragoza del primer cuadro de la ciudad.<\/p>\n\n\n\n<p>&#8220;Que tengan preparatoria, la actitud de cada uno de ellos, se les hace una especie de entrenamiento, de examen, para ver c\u00f3mo est\u00e1n f\u00edsicamente, que sean menores de 40 a\u00f1os. Lo que buscamos es que sean j\u00f3venes fuertes por el trabajo que se va a estar realizando&#8221;, puntualiz\u00f3 sobre los interesados en ser guardavidas o bomberos.<\/p>\n\n\n\n<p>En cuanto a los elementos de Protecci\u00f3n Civil, destac\u00f3 que se necesitan profesionistas, pues existe un marco legal que deben respetar como integrantes de esta direcci\u00f3n.<\/p>\n\n\n\n<p>&#8220;S\u00ed necesitamos profesionistas debido a la parte legal que tenemos en Protecci\u00f3n Civil, ah\u00ed puede ser cualquier tipo de licenciatura la que pudiese entrar. Recordemos que la Protecci\u00f3n Civil es multidiciplinaria, y se requieren diversos especialistas para poder ir gestionando el riesgo&#8221;, subray\u00f3.<\/p>\n\n\n\n<p>Para culminar, Garc\u00eda Cardona se\u00f1al\u00f3 que, por el momento buscan nueve personas, tres para cada corporaci\u00f3n, con posibilidad de aumentar el n\u00famero de vacantes durante los siguientes meses.<\/p>\n","protected":false},"excerpt":{"rendered":"<p>Alejandro \u00c1vila Veracruz, Ver.- Una vez concluido el primer mes de trabajo de la nueva administraci\u00f3n municipal de Veracruz, se confirm\u00f3 es necesario aumentar el n\u00famero de elementos en el Heroico Cuerpo de Bomberos, la direcci\u00f3n de Protecci\u00f3n Civil,&nbsp; y guarda vidas en las playas veracruzanas. El director del \u00e1rea, Alfonso Garc\u00eda Cardona, se\u00f1al\u00f3 que [&hellip;]<\/p>\n","protected":false},"author":1,"featured_media":22956,"comment_status":"open","ping_status":"open","sticky":false,"template":"","format":"standard","meta":{"_jetpack_memberships_contains_paid_content":false,"footnotes":""},"categories":[2],"tags":[],"class_list":["post-22955","post","type-post","status-publish","format-standard","has-post-thumbnail","hentry","category-estado"],"jetpack_featured_media_url":"https:\/\/encuentroinformativo.com.mx\/wp-content\/uploads\/2022\/01\/7F1AA483-8086-48C4-96D9-14A103B3440D.jpeg","jetpack_sharing_enabled":true,"jetpack_likes_enabled":true,"amp_enabled":true,"_links":{"self":[{"href":"https:\/\/encuentroinformativo.com.mx\/index.php?rest_route=\/wp\/v2\/posts\/22955","targetHints":{"allow":["GET"]}}],"collection":[{"href":"https:\/\/encuentroinformativo.com.mx\/index.php?rest_route=\/wp\/v2\/posts"}],"about":[{"href":"https:\/\/encuentroinformativo.com.mx\/index.php?rest_route=\/wp\/v2\/types\/post"}],"author":[{"embeddable":true,"href":"https:\/\/encuentroinformativo.com.mx\/index.php?rest_route=\/wp\/v2\/users\/1"}],"replies":[{"embeddable":true,"href":"https:\/\/encuentroinformativo.com.mx\/index.php?rest_route=%2Fwp%2Fv2%2Fcomments&post=22955"}],"version-history":[{"count":1,"href":"https:\/\/encuentroinformativo.com.mx\/index.php?rest_route=\/wp\/v2\/posts\/22955\/revisions"}],"predecessor-version":[{"id":22957,"href":"https:\/\/encuentroinformativo.com.mx\/index.php?rest_route=\/wp\/v2\/posts\/22955\/revisions\/22957"}],"wp:featuredmedia":[{"embeddable":true,"href":"https:\/\/encuentroinformativo.com.mx\/index.php?rest_route=\/wp\/v2\/media\/22956"}],"wp:attachment":[{"href":"https:\/\/encuentroinformativo.com.mx\/index.php?rest_route=%2Fwp%2Fv2%2Fmedia&parent=22955"}],"wp:term":[{"taxonomy":"category","embeddable":true,"href":"https:\/\/encuentroinformativo.com.mx\/index.php?rest_route=%2Fwp%2Fv2%2Fcategories&post=22955"},{"taxonomy":"post_tag","embeddable":true,"href":"https:\/\/encuentroinformativo.com.mx\/index.php?rest_route=%2Fwp%2Fv2%2Ftags&post=22955"}],"curies":[{"name":"wp","href":"https:\/\/api.w.org\/{rel}","templated":true}]}}