{"id":22964,"date":"2022-01-31T16:34:30","date_gmt":"2022-01-31T22:34:30","guid":{"rendered":"https:\/\/encuentroinformativo.com.mx\/?p=22964"},"modified":"2022-01-31T16:34:33","modified_gmt":"2022-01-31T22:34:33","slug":"instalacion-de-pista-de-hielo-repunto-casos-de-covid","status":"publish","type":"post","link":"https:\/\/encuentroinformativo.com.mx\/?p=22964","title":{"rendered":"Instalaci\u00f3n de pista de hielo repunt\u00f3 casos de Covid"},"content":{"rendered":"\n<p><strong>Juan Arcos <\/strong><\/p>\n\n\n\n<p>Coatepec, Ver.- Los casos de Sars-Cov2 (Covid-19) repuntaron de manera significativa en varios municipios de la regi\u00f3n capital, tras las aglomeraciones que ocasion\u00f3 la instalaci\u00f3n de una pista de hielo en Coatepec, durante la temporada decembrina.<\/p>\n\n\n\n<p>De acuerdo con m\u00e9dicos que solicitaron el anonimato por temor a represalias, los casos positivos aumentaron tambi\u00e9n en Xalapa, Teocelo, Xico y Emiliano Zapata, por mencionar algunos.<\/p>\n\n\n\n<p>\u201cHacer una cosa de este tipo en tiempos de pandemia caus\u00f3 muchas m\u00e1s infecciones, muchos m\u00e1s contagios. Eran miles de gentes los fines de semana\u201d, expresaron.<\/p>\n\n\n\n<p>La pista de hielo fue instalada en la zona centro de Coatepec como parte del programa \u201cOrgullo Navide\u00f1o\u201d, del 30 de noviembre al 9 de enero.<\/p>\n\n\n\n<p>A juicio de los m\u00e9dicos, debido a la gran cantidad de personas que acud\u00eda durante los fines de semana era imposible respetar la sana distancia para evitar contagios.\u00a0<\/p>\n\n\n\n<p>\u201cTodos pegados, al llegar a la pista les daban una desinfecci\u00f3n pero antes todos estaban pegaditos, pegaditos, pegaditos y era un contagiadero\u201d, a\u00f1adieron.<\/p>\n\n\n\n<p>Tambi\u00e9n comentaron que las personas que acuden a Coatepec durante los fines de semana son for\u00e1neos y esa situaci\u00f3n contribuy\u00f3 a la propagaci\u00f3n del coronavirus.\u00a0<br>Xalapa se encuentra en sem\u00e1foro epidemiol\u00f3gico regional color naranja, mientras que Coatepec y Emiliano Zapata en sem\u00e1foro amarillo.\u00a0<br>En la capital del estado se contabilizan 15 mil 590 casos positivos, mil 222 defunciones y 979 sospechosos, seg\u00fan la actualizaci\u00f3n de la Secretar\u00eda de Salud con fecha del 29 de enero.<\/p>\n","protected":false},"excerpt":{"rendered":"<p>Juan Arcos Coatepec, Ver.- Los casos de Sars-Cov2 (Covid-19) repuntaron de manera significativa en varios municipios de la regi\u00f3n capital, tras las aglomeraciones que ocasion\u00f3 la instalaci\u00f3n de una pista de hielo en Coatepec, durante la temporada decembrina. De acuerdo con m\u00e9dicos que solicitaron el anonimato por temor a represalias, los casos positivos aumentaron tambi\u00e9n [&hellip;]<\/p>\n","protected":false},"author":1,"featured_media":22965,"comment_status":"open","ping_status":"open","sticky":false,"template":"","format":"standard","meta":{"_jetpack_memberships_contains_paid_content":false,"footnotes":""},"categories":[9],"tags":[],"class_list":["post-22964","post","type-post","status-publish","format-standard","has-post-thumbnail","hentry","category-salud"],"jetpack_featured_media_url":"https:\/\/encuentroinformativo.com.mx\/wp-content\/uploads\/2022\/01\/A5F03C99-B25F-448C-BC45-0E314E52D992.jpeg","jetpack_sharing_enabled":true,"jetpack_likes_enabled":true,"amp_enabled":true,"_links":{"self":[{"href":"https:\/\/encuentroinformativo.com.mx\/index.php?rest_route=\/wp\/v2\/posts\/22964","targetHints":{"allow":["GET"]}}],"collection":[{"href":"https:\/\/encuentroinformativo.com.mx\/index.php?rest_route=\/wp\/v2\/posts"}],"about":[{"href":"https:\/\/encuentroinformativo.com.mx\/index.php?rest_route=\/wp\/v2\/types\/post"}],"author":[{"embeddable":true,"href":"https:\/\/encuentroinformativo.com.mx\/index.php?rest_route=\/wp\/v2\/users\/1"}],"replies":[{"embeddable":true,"href":"https:\/\/encuentroinformativo.com.mx\/index.php?rest_route=%2Fwp%2Fv2%2Fcomments&post=22964"}],"version-history":[{"count":1,"href":"https:\/\/encuentroinformativo.com.mx\/index.php?rest_route=\/wp\/v2\/posts\/22964\/revisions"}],"predecessor-version":[{"id":22966,"href":"https:\/\/encuentroinformativo.com.mx\/index.php?rest_route=\/wp\/v2\/posts\/22964\/revisions\/22966"}],"wp:featuredmedia":[{"embeddable":true,"href":"https:\/\/encuentroinformativo.com.mx\/index.php?rest_route=\/wp\/v2\/media\/22965"}],"wp:attachment":[{"href":"https:\/\/encuentroinformativo.com.mx\/index.php?rest_route=%2Fwp%2Fv2%2Fmedia&parent=22964"}],"wp:term":[{"taxonomy":"category","embeddable":true,"href":"https:\/\/encuentroinformativo.com.mx\/index.php?rest_route=%2Fwp%2Fv2%2Fcategories&post=22964"},{"taxonomy":"post_tag","embeddable":true,"href":"https:\/\/encuentroinformativo.com.mx\/index.php?rest_route=%2Fwp%2Fv2%2Ftags&post=22964"}],"curies":[{"name":"wp","href":"https:\/\/api.w.org\/{rel}","templated":true}]}}