{"id":22967,"date":"2022-01-31T16:42:40","date_gmt":"2022-01-31T22:42:40","guid":{"rendered":"https:\/\/encuentroinformativo.com.mx\/?p=22967"},"modified":"2022-01-31T16:42:42","modified_gmt":"2022-01-31T22:42:42","slug":"recibe-congreso-iniciativa-del-gobernador-para-reformar-el-codigo-penal","status":"publish","type":"post","link":"https:\/\/encuentroinformativo.com.mx\/?p=22967","title":{"rendered":"Recibe Congreso iniciativa del Gobernador para reformar el C\u00f3digo Penal"},"content":{"rendered":"\n<p><strong>*Ser\u00e1 turnada a la Comisi\u00f3n Permanente de Justicia y Puntos Constitucionales para el tr\u00e1mite legislativo correspondiente.<\/strong><\/p>\n\n\n\n<p>Xalapa, Ver.- La Presidencia del Congreso del Estado de Veracruz de Ignacio de la Llave, a cargo de la diputada Cecilia Guevara, inform\u00f3 la recepci\u00f3n de la iniciativa, enviada por el gobernador del estado, ingeniero Cuitl\u00e1huac Garc\u00eda Jim\u00e9nez, por la que se deroga el art\u00edculo 331 del C\u00f3digo Penal estatal en materia del delito de ultrajes a la autoridad.<\/p>\n\n\n\n<p>La Diputada subray\u00f3 que, para efectos del tr\u00e1mite legislativo correspondiente, esta propuesta ser\u00e1 turnada a la Comisi\u00f3n Permanente de Justicia y Puntos Constitucionales.<\/p>\n\n\n\n<p>Por otra parte, la Presidenta de la Mesa Directiva de la LXVI Legislatura manifest\u00f3 que, como Poder soberano y creador de las leyes que rigen a la entidad, las y los diputados act\u00faan y seguir\u00e1n actuando con absoluto respeto al estado de derecho y a las competencias y atribuciones jurisdiccionales de cada ente, en di\u00e1logo respetuoso y permanente.<\/p>\n\n\n\n<p>Dijo que estar\u00e1 atenta al trabajo que realicen los integrantes de la Comisi\u00f3n legislativa en relaci\u00f3n con el an\u00e1lisis de las diversas propuestas que tienen el mismo objetivo y que ya est\u00e1n en estudio las aportaciones, as\u00ed como a los tiempos de desahogo de esta iniciativa.<\/p>\n","protected":false},"excerpt":{"rendered":"<p>*Ser\u00e1 turnada a la Comisi\u00f3n Permanente de Justicia y Puntos Constitucionales para el tr\u00e1mite legislativo correspondiente. Xalapa, Ver.- La Presidencia del Congreso del Estado de Veracruz de Ignacio de la Llave, a cargo de la diputada Cecilia Guevara, inform\u00f3 la recepci\u00f3n de la iniciativa, enviada por el gobernador del estado, ingeniero Cuitl\u00e1huac Garc\u00eda Jim\u00e9nez, por [&hellip;]<\/p>\n","protected":false},"author":1,"featured_media":22968,"comment_status":"open","ping_status":"open","sticky":false,"template":"","format":"standard","meta":{"_jetpack_memberships_contains_paid_content":false,"footnotes":""},"categories":[2],"tags":[],"class_list":["post-22967","post","type-post","status-publish","format-standard","has-post-thumbnail","hentry","category-estado"],"jetpack_featured_media_url":"https:\/\/encuentroinformativo.com.mx\/wp-content\/uploads\/2022\/01\/1861BEF8-5C6D-4C7F-A3FA-6FF3E5AF9A19.jpeg","jetpack_sharing_enabled":true,"jetpack_likes_enabled":true,"amp_enabled":true,"_links":{"self":[{"href":"https:\/\/encuentroinformativo.com.mx\/index.php?rest_route=\/wp\/v2\/posts\/22967","targetHints":{"allow":["GET"]}}],"collection":[{"href":"https:\/\/encuentroinformativo.com.mx\/index.php?rest_route=\/wp\/v2\/posts"}],"about":[{"href":"https:\/\/encuentroinformativo.com.mx\/index.php?rest_route=\/wp\/v2\/types\/post"}],"author":[{"embeddable":true,"href":"https:\/\/encuentroinformativo.com.mx\/index.php?rest_route=\/wp\/v2\/users\/1"}],"replies":[{"embeddable":true,"href":"https:\/\/encuentroinformativo.com.mx\/index.php?rest_route=%2Fwp%2Fv2%2Fcomments&post=22967"}],"version-history":[{"count":1,"href":"https:\/\/encuentroinformativo.com.mx\/index.php?rest_route=\/wp\/v2\/posts\/22967\/revisions"}],"predecessor-version":[{"id":22969,"href":"https:\/\/encuentroinformativo.com.mx\/index.php?rest_route=\/wp\/v2\/posts\/22967\/revisions\/22969"}],"wp:featuredmedia":[{"embeddable":true,"href":"https:\/\/encuentroinformativo.com.mx\/index.php?rest_route=\/wp\/v2\/media\/22968"}],"wp:attachment":[{"href":"https:\/\/encuentroinformativo.com.mx\/index.php?rest_route=%2Fwp%2Fv2%2Fmedia&parent=22967"}],"wp:term":[{"taxonomy":"category","embeddable":true,"href":"https:\/\/encuentroinformativo.com.mx\/index.php?rest_route=%2Fwp%2Fv2%2Fcategories&post=22967"},{"taxonomy":"post_tag","embeddable":true,"href":"https:\/\/encuentroinformativo.com.mx\/index.php?rest_route=%2Fwp%2Fv2%2Ftags&post=22967"}],"curies":[{"name":"wp","href":"https:\/\/api.w.org\/{rel}","templated":true}]}}