{"id":22973,"date":"2022-01-31T20:00:41","date_gmt":"2022-02-01T02:00:41","guid":{"rendered":"https:\/\/encuentroinformativo.com.mx\/?p=22973"},"modified":"2022-01-31T20:00:44","modified_gmt":"2022-02-01T02:00:44","slug":"presenta-diputado-iniciativa-en-materia-de-identidad-de-genero-en-veracruz","status":"publish","type":"post","link":"https:\/\/encuentroinformativo.com.mx\/?p=22973","title":{"rendered":"Presenta Diputado iniciativa en materia de identidad de g\u00e9nero en Veracruz"},"content":{"rendered":"\n<p><strong>*Propone Ram\u00f3n D\u00edaz \u00c1vila legalizar el derecho a la rectificaci\u00f3n y reconocimiento de cambio que las personas interesadas soliciten.<\/strong><\/p>\n\n\n\n<p>Xalapa, Ver.- El diputado Ram\u00f3n D\u00edaz \u00c1vila present\u00f3 una iniciativa para reformar el C\u00f3digo Civil del estado, con respecto al cambio de nombre y la rectificaci\u00f3n para el reconocimiento de cambio de identidad de g\u00e9nero, y con esto garantizar el derecho a tener un nombre acorde con el g\u00e9nero con el que cada persona se identifique.<\/p>\n\n\n\n<p>Esta Iniciativa propone que el Registro Civil sea el encargado de substanciar el procedimiento formal administrativo para atender la solicitud de adecuaci\u00f3n sexo-gen\u00e9rica del acta de nacimiento respectiva y de llevar a cabo la actualizaci\u00f3n de los datos en los dem\u00e1s documentos e instituciones a que haya lugar, sin la necesidad de intervenci\u00f3n del solicitante.<\/p>\n\n\n\n<p>Adem\u00e1s, que el reconocimiento sobre la identidad de g\u00e9nero sea solo a trav\u00e9s del consentimiento libre del solicitante, sin m\u00e1s requisitos que pudieran constituir violaciones a sus propios derechos humanos, como pudieran ser certificados m\u00e9dicos, psicol\u00f3gicos o alg\u00fan tipo de peritaje, procurando que el tr\u00e1mite sea \u00e1gil, accesible y con el m\u00ednimo de requerimientos.<\/p>\n\n\n\n<p>Al realizar la exposici\u00f3n de su propuesta, durante la D\u00e9cima Cuarta Sesi\u00f3n Ordinaria del Primer Periodo Ordinario del Primer A\u00f1o de Ejercicio Constitucional, el legislador consider\u00f3 que, con estas nuevas reformas se contribuye a facilitar el ejercicio efectivo de derechos y el reconocimiento del g\u00e9nero autopercibido de las personas trans, dot\u00e1ndolos de herramientas legales para rectificar el g\u00e9nero.<\/p>\n\n\n\n<p>El proponente dijo que, dentro de la exigencia leg\u00edtima del derecho a la identidad, las necesidades de grupos particulares o colectivos como las personas transg\u00e9nero o transexuales, al carecer de una personalidad jur\u00eddica propia y acorde a su identidad gen\u00e9rica, los ubica en situaci\u00f3n de indefensi\u00f3n jur\u00eddica.<\/p>\n\n\n\n<p>Con la adhesi\u00f3n de las diputadas Tania Mar\u00eda Cruz Mej\u00eda, Itzel Yescas Valdivia y Ruth Callejas Rold\u00e1n y del diputado Juan Enrique Santos Mendoza, la Iniciativa con Proyecto de Decreto que reforma el art\u00edculo 657 y el t\u00edtulo del Cap\u00edtulo IX, y adiciona los art\u00edculos 760 bis, 760 ter, 760 quater y 760 quinquies, todos relativos al C\u00f3digo Civil del Estado de Veracruz de Ignacio de la Llave, fue turnada a la Comisi\u00f3n Permanente de Justicia y Puntos Constitucionales.<\/p>\n","protected":false},"excerpt":{"rendered":"<p>*Propone Ram\u00f3n D\u00edaz \u00c1vila legalizar el derecho a la rectificaci\u00f3n y reconocimiento de cambio que las personas interesadas soliciten. Xalapa, Ver.- El diputado Ram\u00f3n D\u00edaz \u00c1vila present\u00f3 una iniciativa para reformar el C\u00f3digo Civil del estado, con respecto al cambio de nombre y la rectificaci\u00f3n para el reconocimiento de cambio de identidad de g\u00e9nero, y [&hellip;]<\/p>\n","protected":false},"author":2476,"featured_media":22974,"comment_status":"open","ping_status":"open","sticky":false,"template":"","format":"standard","meta":{"_jetpack_memberships_contains_paid_content":false,"footnotes":""},"categories":[2],"tags":[],"class_list":["post-22973","post","type-post","status-publish","format-standard","has-post-thumbnail","hentry","category-estado"],"jetpack_featured_media_url":"https:\/\/encuentroinformativo.com.mx\/wp-content\/uploads\/2022\/01\/Dip.-Ramon-Diaz.jpeg","jetpack_sharing_enabled":true,"jetpack_likes_enabled":true,"amp_enabled":true,"_links":{"self":[{"href":"https:\/\/encuentroinformativo.com.mx\/index.php?rest_route=\/wp\/v2\/posts\/22973","targetHints":{"allow":["GET"]}}],"collection":[{"href":"https:\/\/encuentroinformativo.com.mx\/index.php?rest_route=\/wp\/v2\/posts"}],"about":[{"href":"https:\/\/encuentroinformativo.com.mx\/index.php?rest_route=\/wp\/v2\/types\/post"}],"author":[{"embeddable":true,"href":"https:\/\/encuentroinformativo.com.mx\/index.php?rest_route=\/wp\/v2\/users\/2476"}],"replies":[{"embeddable":true,"href":"https:\/\/encuentroinformativo.com.mx\/index.php?rest_route=%2Fwp%2Fv2%2Fcomments&post=22973"}],"version-history":[{"count":1,"href":"https:\/\/encuentroinformativo.com.mx\/index.php?rest_route=\/wp\/v2\/posts\/22973\/revisions"}],"predecessor-version":[{"id":22975,"href":"https:\/\/encuentroinformativo.com.mx\/index.php?rest_route=\/wp\/v2\/posts\/22973\/revisions\/22975"}],"wp:featuredmedia":[{"embeddable":true,"href":"https:\/\/encuentroinformativo.com.mx\/index.php?rest_route=\/wp\/v2\/media\/22974"}],"wp:attachment":[{"href":"https:\/\/encuentroinformativo.com.mx\/index.php?rest_route=%2Fwp%2Fv2%2Fmedia&parent=22973"}],"wp:term":[{"taxonomy":"category","embeddable":true,"href":"https:\/\/encuentroinformativo.com.mx\/index.php?rest_route=%2Fwp%2Fv2%2Fcategories&post=22973"},{"taxonomy":"post_tag","embeddable":true,"href":"https:\/\/encuentroinformativo.com.mx\/index.php?rest_route=%2Fwp%2Fv2%2Ftags&post=22973"}],"curies":[{"name":"wp","href":"https:\/\/api.w.org\/{rel}","templated":true}]}}