{"id":22984,"date":"2022-02-01T10:42:02","date_gmt":"2022-02-01T16:42:02","guid":{"rendered":"https:\/\/encuentroinformativo.com.mx\/?p=22984"},"modified":"2022-02-01T10:42:07","modified_gmt":"2022-02-01T16:42:07","slug":"mantienen-reclamos-ex-policias-de-la-zona-norte-protestan-en-xalapa","status":"publish","type":"post","link":"https:\/\/encuentroinformativo.com.mx\/?p=22984","title":{"rendered":"Mantienen reclamos ex polic\u00edas de la zona norte; protestan en Xalapa"},"content":{"rendered":"\n<p><strong>Juan Arcos<\/strong><\/p>\n\n\n\n<p>Xalapa, Ver.- Un grupo de expolic\u00edas protest\u00f3 afuera de la Unidad Integral de Procuraci\u00f3n de Justicia de la Fiscal\u00eda General del Estado (FGE) y de la Torre de la Secretar\u00eda de Seguridad P\u00fablica (SSP) para exigir la indemnizaci\u00f3n de m\u00e1s de 400 elementos que fueron despedidos injustificadamente en el sexenio de Javier Duarte de Ochoa.<\/p>\n\n\n\n<p>Se trata de expolic\u00edas de la extinta Polic\u00eda Intermunicipal Poza Rica-Tihuatl\u00e1n-Coatzintla, quienes presentaron la denuncia 808\/2019 en la Fiscal\u00eda Especializada en Combate a la Corrupci\u00f3n, por la falsificaci\u00f3n de firmas en m\u00e1s de 400 cheques que se hab\u00edan otorgado como parte de su liquidaci\u00f3n.<\/p>\n\n\n\n<p>La corporaci\u00f3n fue desmantelada para que asumiera el control la Secretar\u00eda de Seguridad P\u00fablica (SSP), tras presuntas anomal\u00edas y nexos de los elementos municipales con la delincuencia.<\/p>\n\n\n\n<p>Los quejosos sostuvieron una lona grande color negro y letras blancas, donde se le\u00eda \u201cjusticia\u201d, en busca de la intervenci\u00f3n por parte del gobierno estatal para el esclarecimiento del caso.<\/p>\n\n\n\n<p>De acuerdo con Adder \u00d3scar Ju\u00e1rez T\u00e9llez, representante legal y uno de los afectados, se habla de un presunto desv\u00edo de m\u00e1s de 100 millones de pesos con el fraude de los cheques.<\/p>\n\n\n\n<p>El entrevistado record\u00f3 que \u00e9l y los otros polic\u00edas fueron despedidos injustificadamente el 1 de julio de 2015; sin embargo, 19 d\u00edas despu\u00e9s, los cheques fueron cobrados a su nombre por otras personas.<\/p>\n\n\n\n<p>La denuncia fue presentada el 24 de octubre de 2019 y ratificada el 5 de diciembre, unos d\u00edas despu\u00e9s, donde se\u00f1alan a diversos exfuncionarios, entre ellos al extitular de la Secretar\u00eda de Seguridad P\u00fablica (SSP), Arturo Berm\u00fadez Zurita, y al exgobernador Javier Duarte de Ochoa.<\/p>\n\n\n\n<p>Ju\u00e1rez T\u00e9llez indic\u00f3 que desde hace dos a\u00f1os han solicitado una audiencia con autoridades de la Fiscal\u00eda General del Estado (FGE); sin embargo, hasta el momento han sido ignorados.<\/p>\n\n\n\n<p>Los expolic\u00edas han protestado constantemente en la ciudad de Xalapa para exigir su indemnizaci\u00f3n.<\/p>\n\n\n\n<figure class=\"wp-block-image size-large\"><img loading=\"lazy\" decoding=\"async\" width=\"1024\" height=\"683\" src=\"https:\/\/encuentroinformativo.com.mx\/wp-content\/uploads\/2022\/02\/B1D126B0-9BFD-434C-919B-5CC72B9EDDDD-1024x683.jpeg\" alt=\"\" class=\"wp-image-22986\" srcset=\"https:\/\/encuentroinformativo.com.mx\/wp-content\/uploads\/2022\/02\/B1D126B0-9BFD-434C-919B-5CC72B9EDDDD-1024x683.jpeg 1024w, https:\/\/encuentroinformativo.com.mx\/wp-content\/uploads\/2022\/02\/B1D126B0-9BFD-434C-919B-5CC72B9EDDDD-300x200.jpeg 300w, https:\/\/encuentroinformativo.com.mx\/wp-content\/uploads\/2022\/02\/B1D126B0-9BFD-434C-919B-5CC72B9EDDDD-768x512.jpeg 768w, https:\/\/encuentroinformativo.com.mx\/wp-content\/uploads\/2022\/02\/B1D126B0-9BFD-434C-919B-5CC72B9EDDDD-1536x1024.jpeg 1536w, https:\/\/encuentroinformativo.com.mx\/wp-content\/uploads\/2022\/02\/B1D126B0-9BFD-434C-919B-5CC72B9EDDDD-2048x1365.jpeg 2048w\" sizes=\"auto, (max-width: 1024px) 100vw, 1024px\" \/><\/figure>\n\n\n\n<figure class=\"wp-block-image size-large\"><img loading=\"lazy\" decoding=\"async\" width=\"1024\" height=\"683\" src=\"https:\/\/encuentroinformativo.com.mx\/wp-content\/uploads\/2022\/02\/690689AF-1286-4360-9E50-FFA78ECA55E2-1024x683.jpeg\" alt=\"\" class=\"wp-image-22987\" srcset=\"https:\/\/encuentroinformativo.com.mx\/wp-content\/uploads\/2022\/02\/690689AF-1286-4360-9E50-FFA78ECA55E2-1024x683.jpeg 1024w, https:\/\/encuentroinformativo.com.mx\/wp-content\/uploads\/2022\/02\/690689AF-1286-4360-9E50-FFA78ECA55E2-300x200.jpeg 300w, https:\/\/encuentroinformativo.com.mx\/wp-content\/uploads\/2022\/02\/690689AF-1286-4360-9E50-FFA78ECA55E2-768x512.jpeg 768w, https:\/\/encuentroinformativo.com.mx\/wp-content\/uploads\/2022\/02\/690689AF-1286-4360-9E50-FFA78ECA55E2-1536x1024.jpeg 1536w, https:\/\/encuentroinformativo.com.mx\/wp-content\/uploads\/2022\/02\/690689AF-1286-4360-9E50-FFA78ECA55E2-2048x1365.jpeg 2048w\" sizes=\"auto, (max-width: 1024px) 100vw, 1024px\" \/><\/figure>\n","protected":false},"excerpt":{"rendered":"<p>Juan Arcos Xalapa, Ver.- Un grupo de expolic\u00edas protest\u00f3 afuera de la Unidad Integral de Procuraci\u00f3n de Justicia de la Fiscal\u00eda General del Estado (FGE) y de la Torre de la Secretar\u00eda de Seguridad P\u00fablica (SSP) para exigir la indemnizaci\u00f3n de m\u00e1s de 400 elementos que fueron despedidos injustificadamente en el sexenio de Javier Duarte [&hellip;]<\/p>\n","protected":false},"author":1,"featured_media":22985,"comment_status":"open","ping_status":"open","sticky":false,"template":"","format":"standard","meta":{"_jetpack_memberships_contains_paid_content":false,"footnotes":""},"categories":[2],"tags":[],"class_list":["post-22984","post","type-post","status-publish","format-standard","has-post-thumbnail","hentry","category-estado"],"jetpack_featured_media_url":"https:\/\/encuentroinformativo.com.mx\/wp-content\/uploads\/2022\/02\/08DAFBE5-93B0-4896-91B5-02606549FB79-scaled.jpeg","jetpack_sharing_enabled":true,"jetpack_likes_enabled":true,"amp_enabled":true,"_links":{"self":[{"href":"https:\/\/encuentroinformativo.com.mx\/index.php?rest_route=\/wp\/v2\/posts\/22984","targetHints":{"allow":["GET"]}}],"collection":[{"href":"https:\/\/encuentroinformativo.com.mx\/index.php?rest_route=\/wp\/v2\/posts"}],"about":[{"href":"https:\/\/encuentroinformativo.com.mx\/index.php?rest_route=\/wp\/v2\/types\/post"}],"author":[{"embeddable":true,"href":"https:\/\/encuentroinformativo.com.mx\/index.php?rest_route=\/wp\/v2\/users\/1"}],"replies":[{"embeddable":true,"href":"https:\/\/encuentroinformativo.com.mx\/index.php?rest_route=%2Fwp%2Fv2%2Fcomments&post=22984"}],"version-history":[{"count":1,"href":"https:\/\/encuentroinformativo.com.mx\/index.php?rest_route=\/wp\/v2\/posts\/22984\/revisions"}],"predecessor-version":[{"id":22988,"href":"https:\/\/encuentroinformativo.com.mx\/index.php?rest_route=\/wp\/v2\/posts\/22984\/revisions\/22988"}],"wp:featuredmedia":[{"embeddable":true,"href":"https:\/\/encuentroinformativo.com.mx\/index.php?rest_route=\/wp\/v2\/media\/22985"}],"wp:attachment":[{"href":"https:\/\/encuentroinformativo.com.mx\/index.php?rest_route=%2Fwp%2Fv2%2Fmedia&parent=22984"}],"wp:term":[{"taxonomy":"category","embeddable":true,"href":"https:\/\/encuentroinformativo.com.mx\/index.php?rest_route=%2Fwp%2Fv2%2Fcategories&post=22984"},{"taxonomy":"post_tag","embeddable":true,"href":"https:\/\/encuentroinformativo.com.mx\/index.php?rest_route=%2Fwp%2Fv2%2Ftags&post=22984"}],"curies":[{"name":"wp","href":"https:\/\/api.w.org\/{rel}","templated":true}]}}