{"id":22998,"date":"2022-02-01T15:02:44","date_gmt":"2022-02-01T21:02:44","guid":{"rendered":"https:\/\/encuentroinformativo.com.mx\/?p=22998"},"modified":"2022-02-01T15:02:47","modified_gmt":"2022-02-01T21:02:47","slug":"cuestiona-senador-foro-sobre-reforma-electrica-efectuado-en-boca","status":"publish","type":"post","link":"https:\/\/encuentroinformativo.com.mx\/?p=22998","title":{"rendered":"Cuestiona Senador foro sobre Reforma El\u00e9ctrica efectuado en Boca"},"content":{"rendered":"\n<p><strong>Juan Arcos<\/strong><\/p>\n\n\n\n<p>Xalapa, Ver.- El senador Julen Rementer\u00eda del Puerto denunci\u00f3 que no fue \u201creal\u201d la informaci\u00f3n brindada en el Foro de Energ\u00eda, realizado en el World Trade Center, municipio de Boca del R\u00edo, durante el fin de semana.<\/p>\n\n\n\n<p>El Legislador del Partido Acci\u00f3n Nacional (PAN) consider\u00f3 que ni siquiera tuvo el objetivo de informar a los ciudadanos sobre los alcances de la reforma el\u00e9ctrica.<\/p>\n\n\n\n<p>En conferencia de prensa virtual, opin\u00f3 que el primer foro, encabezado por la secretaria de Energ\u00eda (Sener), Roc\u00edo Nahle Garc\u00eda, \u201cfue un acto casi de campa\u00f1a, que reuni\u00f3 a la clase pol\u00edtica\u201d.<\/p>\n\n\n\n<p>\u201cLo que realiz\u00f3 Roc\u00edo Nahle es m\u00e1s bien una campa\u00f1a electoral, donde se pretendi\u00f3 significar la importancia de la reforma, pero contrasta con la realidad, lo que vimos es un evento de campa\u00f1a, lo que ah\u00ed se explic\u00f3 no tuvo claridad porque no se dieron a conocer las desventajas que generar\u00e1 una reforma retr\u00f3grada\u201d, expres\u00f3.<\/p>\n\n\n\n<p>Tambi\u00e9n se\u00f1al\u00f3 que en el foro no se explic\u00f3 cu\u00e1les ser\u00edan los beneficios para los mexicanos, por lo que el evento pareciera un acto de precampa\u00f1a pol\u00edtica.<\/p>\n\n\n\n<p>El Coordinador de senadores del PAN expuso que, de aprobarse esta iniciativa, la Comisi\u00f3n Federal de Electricidad (CFE) tendr\u00eda el monopolio y definir\u00eda a qui\u00e9n despacha la energ\u00eda, a qui\u00e9n se la vende u otorga aplicando criterios propios porque no se establecen reglas.<\/p>\n\n\n\n<p>Adem\u00e1s, refiri\u00f3 que todos los contratos con las empresas privadas ser\u00edan cancelados, lo que implicar\u00eda un riesgo para la econom\u00eda nacional.<\/p>\n\n\n\n<p>\u201cEstar\u00edamos hablando de la industria de la econom\u00eda a nivel nacional porque hay miles de empresas que dan empleos y estar\u00eda en riesgo porque necesitan tener un porcentaje de producci\u00f3n relacionada con fuente de energ\u00edas renovables\u201d, remat\u00f3.<\/p>\n","protected":false},"excerpt":{"rendered":"<p>Juan Arcos Xalapa, Ver.- El senador Julen Rementer\u00eda del Puerto denunci\u00f3 que no fue \u201creal\u201d la informaci\u00f3n brindada en el Foro de Energ\u00eda, realizado en el World Trade Center, municipio de Boca del R\u00edo, durante el fin de semana. El Legislador del Partido Acci\u00f3n Nacional (PAN) consider\u00f3 que ni siquiera tuvo el objetivo de informar [&hellip;]<\/p>\n","protected":false},"author":1,"featured_media":22999,"comment_status":"open","ping_status":"open","sticky":false,"template":"","format":"standard","meta":{"_jetpack_memberships_contains_paid_content":false,"footnotes":""},"categories":[12],"tags":[],"class_list":["post-22998","post","type-post","status-publish","format-standard","has-post-thumbnail","hentry","category-nacional"],"jetpack_featured_media_url":"https:\/\/encuentroinformativo.com.mx\/wp-content\/uploads\/2022\/02\/0E23E9E7-8B6E-4B1E-9E53-8B9A9229254D.jpeg","jetpack_sharing_enabled":true,"jetpack_likes_enabled":true,"amp_enabled":true,"_links":{"self":[{"href":"https:\/\/encuentroinformativo.com.mx\/index.php?rest_route=\/wp\/v2\/posts\/22998","targetHints":{"allow":["GET"]}}],"collection":[{"href":"https:\/\/encuentroinformativo.com.mx\/index.php?rest_route=\/wp\/v2\/posts"}],"about":[{"href":"https:\/\/encuentroinformativo.com.mx\/index.php?rest_route=\/wp\/v2\/types\/post"}],"author":[{"embeddable":true,"href":"https:\/\/encuentroinformativo.com.mx\/index.php?rest_route=\/wp\/v2\/users\/1"}],"replies":[{"embeddable":true,"href":"https:\/\/encuentroinformativo.com.mx\/index.php?rest_route=%2Fwp%2Fv2%2Fcomments&post=22998"}],"version-history":[{"count":1,"href":"https:\/\/encuentroinformativo.com.mx\/index.php?rest_route=\/wp\/v2\/posts\/22998\/revisions"}],"predecessor-version":[{"id":23000,"href":"https:\/\/encuentroinformativo.com.mx\/index.php?rest_route=\/wp\/v2\/posts\/22998\/revisions\/23000"}],"wp:featuredmedia":[{"embeddable":true,"href":"https:\/\/encuentroinformativo.com.mx\/index.php?rest_route=\/wp\/v2\/media\/22999"}],"wp:attachment":[{"href":"https:\/\/encuentroinformativo.com.mx\/index.php?rest_route=%2Fwp%2Fv2%2Fmedia&parent=22998"}],"wp:term":[{"taxonomy":"category","embeddable":true,"href":"https:\/\/encuentroinformativo.com.mx\/index.php?rest_route=%2Fwp%2Fv2%2Fcategories&post=22998"},{"taxonomy":"post_tag","embeddable":true,"href":"https:\/\/encuentroinformativo.com.mx\/index.php?rest_route=%2Fwp%2Fv2%2Ftags&post=22998"}],"curies":[{"name":"wp","href":"https:\/\/api.w.org\/{rel}","templated":true}]}}