{"id":2301,"date":"2020-05-03T16:35:50","date_gmt":"2020-05-03T21:35:50","guid":{"rendered":"https:\/\/encuentroinformativo.com\/?p=2301"},"modified":"2020-05-03T16:35:52","modified_gmt":"2020-05-03T21:35:52","slug":"van-7-bares-clausurados-en-cuarentena-regidor","status":"publish","type":"post","link":"https:\/\/encuentroinformativo.com.mx\/?p=2301","title":{"rendered":"Van 7 bares clausurados en cuarentena: Regidor"},"content":{"rendered":"\n<p><strong>Juan Arcos<\/strong><\/p>\n\n\n\n<p>Xalapa, Ver.- Hasta el momento han sido clausurados siete bares en Xalapa por abrir sus puertas en cuarentena.<\/p>\n\n\n\n<p>As\u00ed lo revel\u00f3 el regidor Francisco Javier Gonz\u00e1lez Villag\u00f3mez, titular de la comisi\u00f3n edilicia de Comercio, Centrales de Abasto, Mercados y Rastro.<\/p>\n\n\n\n<p>Cabe recordar que el ayuntamiento prohibi\u00f3 la operaci\u00f3n de dichos establecimientos durante la contingencia sanitaria por coronavirus.<\/p>\n\n\n\n<p>\u201cAlgunos bares, se tom\u00f3 la decisi\u00f3n de cerrar. Van alrededor de siete bares que se han clausurado. Hemos detectado por quejas de la ciudadan\u00eda, de que hay algunos que est\u00e1n abriendo de manera clandestina. Se est\u00e1n investigando esos casos\u201d.<\/p>\n\n\n\n<p>Indic\u00f3 que la siguiente semana se podr\u00eda dar la clausura de m\u00e1s negocios no esenciales que no han acatado las disposiciones oficiales.<\/p>\n\n\n\n<p>\u201cEstamos en ese proceso. Esperamos ente el mi\u00e9rcoles y jueves ya presentarla. Mencionar los negocios, adem\u00e1s la clausura de negocios como tales para que no puedan abrir\u201d, remat\u00f3.<\/p>\n","protected":false},"excerpt":{"rendered":"<p>Juan Arcos Xalapa, Ver.- Hasta el momento han sido clausurados siete bares en Xalapa por abrir sus puertas en cuarentena. As\u00ed lo revel\u00f3 el regidor Francisco Javier Gonz\u00e1lez Villag\u00f3mez, titular de la comisi\u00f3n edilicia de Comercio, Centrales de Abasto, Mercados y Rastro. Cabe recordar que el ayuntamiento prohibi\u00f3 la operaci\u00f3n de dichos establecimientos durante la [&hellip;]<\/p>\n","protected":false},"author":1,"featured_media":2302,"comment_status":"open","ping_status":"open","sticky":false,"template":"","format":"standard","meta":{"_jetpack_memberships_contains_paid_content":false,"footnotes":""},"categories":[3],"tags":[],"class_list":["post-2301","post","type-post","status-publish","format-standard","has-post-thumbnail","hentry","category-xalapa"],"jetpack_featured_media_url":"https:\/\/encuentroinformativo.com.mx\/wp-content\/uploads\/2020\/05\/12CB3190-E433-4EA4-A754-3CEB1E1149DF.jpeg","jetpack_sharing_enabled":true,"jetpack_likes_enabled":true,"amp_enabled":true,"_links":{"self":[{"href":"https:\/\/encuentroinformativo.com.mx\/index.php?rest_route=\/wp\/v2\/posts\/2301","targetHints":{"allow":["GET"]}}],"collection":[{"href":"https:\/\/encuentroinformativo.com.mx\/index.php?rest_route=\/wp\/v2\/posts"}],"about":[{"href":"https:\/\/encuentroinformativo.com.mx\/index.php?rest_route=\/wp\/v2\/types\/post"}],"author":[{"embeddable":true,"href":"https:\/\/encuentroinformativo.com.mx\/index.php?rest_route=\/wp\/v2\/users\/1"}],"replies":[{"embeddable":true,"href":"https:\/\/encuentroinformativo.com.mx\/index.php?rest_route=%2Fwp%2Fv2%2Fcomments&post=2301"}],"version-history":[{"count":1,"href":"https:\/\/encuentroinformativo.com.mx\/index.php?rest_route=\/wp\/v2\/posts\/2301\/revisions"}],"predecessor-version":[{"id":2303,"href":"https:\/\/encuentroinformativo.com.mx\/index.php?rest_route=\/wp\/v2\/posts\/2301\/revisions\/2303"}],"wp:featuredmedia":[{"embeddable":true,"href":"https:\/\/encuentroinformativo.com.mx\/index.php?rest_route=\/wp\/v2\/media\/2302"}],"wp:attachment":[{"href":"https:\/\/encuentroinformativo.com.mx\/index.php?rest_route=%2Fwp%2Fv2%2Fmedia&parent=2301"}],"wp:term":[{"taxonomy":"category","embeddable":true,"href":"https:\/\/encuentroinformativo.com.mx\/index.php?rest_route=%2Fwp%2Fv2%2Fcategories&post=2301"},{"taxonomy":"post_tag","embeddable":true,"href":"https:\/\/encuentroinformativo.com.mx\/index.php?rest_route=%2Fwp%2Fv2%2Ftags&post=2301"}],"curies":[{"name":"wp","href":"https:\/\/api.w.org\/{rel}","templated":true}]}}