{"id":23014,"date":"2022-02-01T17:06:05","date_gmt":"2022-02-01T23:06:05","guid":{"rendered":"https:\/\/encuentroinformativo.com.mx\/?p=23014"},"modified":"2022-02-01T17:06:09","modified_gmt":"2022-02-01T23:06:09","slug":"invita-ayuntamiento-a-conformar-el-coplademun-de-xalapa","status":"publish","type":"post","link":"https:\/\/encuentroinformativo.com.mx\/?p=23014","title":{"rendered":"Invita Ayuntamiento a conformar el Coplademun de Xalapa"},"content":{"rendered":"\n<p><strong>*La convocatoria se cierra el pr\u00f3ximo 10 de febrero.<\/strong><\/p>\n\n\n\n<p>Xalapa, Ver.- Para fortalecer las pol\u00edticas p\u00fablicas enfocadas a contar con una ciudadan\u00eda participativa y la vigilancia y aplicaci\u00f3n transparente de los recursos p\u00fablicos, el Ayuntamiento invita a la poblaci\u00f3n a presentar candidaturas para la integraci\u00f3n del Consejo de Planeaci\u00f3n para el Desarrollo Municipal (Coplademun).<\/p>\n\n\n\n<p>La convocatoria se encuentra dirigida a los sectores p\u00fablico, social y privado del municipio, a las distintas organizaciones representativas de obreros, campesinos y grupos populares; instituciones acad\u00e9micas, profesionales y de investigaci\u00f3n; organismos estudiantiles, de j\u00f3venes y de mujeres; c\u00e1maras de comercio locales, barras o colegios de profesionistas, asociaciones de productores, organizaciones no gubernamentales, instituciones educativas, deportivas o culturales y otras instancias que incidan en el desarrollo social.<\/p>\n\n\n\n<p>De acuerdo con el documento, se requiere ser ciudadano xalape\u00f1o o avecindado en pleno ejercicio de sus derechos, debiendo presentar una constancia de residencia certificada por el Ayuntamiento, adem\u00e1s de ser una persona distinguida y representativa del municipio, para lo cual deber\u00e1 presentar una semblanza curricular que demuestre su trayectoria personal y profesional.<\/p>\n\n\n\n<p>Es importante no ser dirigente de alg\u00fan partido pol\u00edtico, ni ministro de culto religioso o funcionario p\u00fablico de cualquier orden de gobierno.<\/p>\n\n\n\n<p>Las propuestas deber\u00e1n dirigirse al titular de la Secretar\u00eda del Ayuntamiento, Ram\u00f3n Antonio Ramos Niembro, con direcci\u00f3n en el segundo piso del Palacio Municipal, ubicado en la calle Juan de la Luz Enr\u00edquez, sin n\u00famero, colonia Centro.<\/p>\n\n\n\n<p>Los documentos se recibir\u00e1n hasta el 10 de febrero del presente a\u00f1o de 09:00 a 15:00 y de 18:00 a 20:00 horas.<\/p>\n\n\n\n<p>Los integrantes de las comisiones unidas de Participaci\u00f3n Ciudadana y Vecinal, y de Planeaci\u00f3n del Desarrollo Municipal, ser\u00e1n las encargadas de elegir una terna de consejeros bajo los principios de igualdad entre hombres y mujeres, y de representatividad e inclusi\u00f3n de la diversidad de actores sociales del municipio, la cual ser\u00e1 analizada y presentada por el presidente municipal Ricardo Ahued Bardahuil ante el Cabildo para su autorizaci\u00f3n definitiva.<\/p>\n","protected":false},"excerpt":{"rendered":"<p>*La convocatoria se cierra el pr\u00f3ximo 10 de febrero. Xalapa, Ver.- Para fortalecer las pol\u00edticas p\u00fablicas enfocadas a contar con una ciudadan\u00eda participativa y la vigilancia y aplicaci\u00f3n transparente de los recursos p\u00fablicos, el Ayuntamiento invita a la poblaci\u00f3n a presentar candidaturas para la integraci\u00f3n del Consejo de Planeaci\u00f3n para el Desarrollo Municipal (Coplademun). La [&hellip;]<\/p>\n","protected":false},"author":1,"featured_media":23015,"comment_status":"open","ping_status":"open","sticky":false,"template":"","format":"standard","meta":{"_jetpack_memberships_contains_paid_content":false,"footnotes":""},"categories":[3],"tags":[],"class_list":["post-23014","post","type-post","status-publish","format-standard","has-post-thumbnail","hentry","category-xalapa"],"jetpack_featured_media_url":"https:\/\/encuentroinformativo.com.mx\/wp-content\/uploads\/2022\/02\/3E30F63E-282E-482C-9195-8D3222D7E631.jpeg","jetpack_sharing_enabled":true,"jetpack_likes_enabled":true,"amp_enabled":true,"_links":{"self":[{"href":"https:\/\/encuentroinformativo.com.mx\/index.php?rest_route=\/wp\/v2\/posts\/23014","targetHints":{"allow":["GET"]}}],"collection":[{"href":"https:\/\/encuentroinformativo.com.mx\/index.php?rest_route=\/wp\/v2\/posts"}],"about":[{"href":"https:\/\/encuentroinformativo.com.mx\/index.php?rest_route=\/wp\/v2\/types\/post"}],"author":[{"embeddable":true,"href":"https:\/\/encuentroinformativo.com.mx\/index.php?rest_route=\/wp\/v2\/users\/1"}],"replies":[{"embeddable":true,"href":"https:\/\/encuentroinformativo.com.mx\/index.php?rest_route=%2Fwp%2Fv2%2Fcomments&post=23014"}],"version-history":[{"count":1,"href":"https:\/\/encuentroinformativo.com.mx\/index.php?rest_route=\/wp\/v2\/posts\/23014\/revisions"}],"predecessor-version":[{"id":23016,"href":"https:\/\/encuentroinformativo.com.mx\/index.php?rest_route=\/wp\/v2\/posts\/23014\/revisions\/23016"}],"wp:featuredmedia":[{"embeddable":true,"href":"https:\/\/encuentroinformativo.com.mx\/index.php?rest_route=\/wp\/v2\/media\/23015"}],"wp:attachment":[{"href":"https:\/\/encuentroinformativo.com.mx\/index.php?rest_route=%2Fwp%2Fv2%2Fmedia&parent=23014"}],"wp:term":[{"taxonomy":"category","embeddable":true,"href":"https:\/\/encuentroinformativo.com.mx\/index.php?rest_route=%2Fwp%2Fv2%2Fcategories&post=23014"},{"taxonomy":"post_tag","embeddable":true,"href":"https:\/\/encuentroinformativo.com.mx\/index.php?rest_route=%2Fwp%2Fv2%2Ftags&post=23014"}],"curies":[{"name":"wp","href":"https:\/\/api.w.org\/{rel}","templated":true}]}}