{"id":23017,"date":"2022-02-01T18:26:25","date_gmt":"2022-02-02T00:26:25","guid":{"rendered":"https:\/\/encuentroinformativo.com.mx\/?p=23017"},"modified":"2022-02-01T18:26:29","modified_gmt":"2022-02-02T00:26:29","slug":"se-suma-congreso-a-convocatoria-mujeres-valientes-historias-que-deben-contarse","status":"publish","type":"post","link":"https:\/\/encuentroinformativo.com.mx\/?p=23017","title":{"rendered":"Se suma Congreso a convocatoria Mujeres valientes, historias que deben contarse"},"content":{"rendered":"\n<p><strong>* La oficina de la diputada Perla Eufemia Romero ser\u00e1 unidad receptora de las propuestas de este concurso, que se realizar\u00e1 el 8 de marzo de este a\u00f1o.<\/strong><\/p>\n\n\n\n<p>Xalapa, Ver.- La Comisi\u00f3n Permanente de Trabajo y Previsi\u00f3n Social de la LXVI Legislatura estatal, presidida por la diputada Perla Eufemia Romero Rodr\u00edguez, se suma a los trabajos de la convocatoria del primer concurso sobre Mujeres valientes, historias que deben contarse, iniciativa de la Secretar\u00eda de Trabajo, Previsi\u00f3n Social y Productividad (STPSP), la cual prev\u00e9 visibilizar y contar aquellas historias que han cambiado la vida de mujeres en la entidad.<\/p>\n\n\n\n<p>Al reunirse en las instalaciones del Palacio Legislativo con la titular de la Unidad de G\u00e9nero de la STPSP, Elsa Cruz Ram\u00edrez, quien acudi\u00f3 en representaci\u00f3n de la secretaria Dorheny Cayetano, la diputada Perla Romero inform\u00f3 que la comisi\u00f3n a su cargo, adem\u00e1s de dar difusi\u00f3n a esta convocatoria, ser\u00e1 ente receptor de las propuestas que presenten las mujeres participantes y dijo que el plazo vence el 20 de febrero pr\u00f3ximo.<\/p>\n\n\n\n<p>Destac\u00f3 la importancia de este evento, toda vez que -consider\u00f3- es necesario conocer las historias de todas aquellas mujeres que han sido v\u00edctimas de violencia, ya sea laboral, sexual, emocional o simb\u00f3lica, entre otras, y que en muchas ocasiones pasa a normalizarse.<\/p>\n\n\n\n<p>Asimismo, dijo que de los trabajos que se presenten se podr\u00e1 compilar un libro sobre las experiencias que viven las mujeres y tambi\u00e9n habr\u00e1 vinculaci\u00f3n con la Secretar\u00eda para la implementaci\u00f3n de actividades legislativas que den como resultado pol\u00edticas p\u00fablicas destinadas a combatir este tipo de flagelos que a\u00fan persisten y lastiman a la sociedad.<\/p>\n\n\n\n<p>En la reuni\u00f3n participaron la diputada Itzel L\u00f3pez L\u00f3pez secretaria de la mencionada comisi\u00f3n, y Lauro Hugo L\u00f3pez Zumaya, en representaci\u00f3n del diputado Jaime Enrique de la Garza Mart\u00ednez, vocal de la misma.<\/p>\n\n\n\n<p>De acuerdo con la convocatoria, el objetivo es escuchar, visibilizar y empoderar a las mujeres valientes que, de manera an\u00f3nima o p\u00fablica, deciden romper el c\u00edrculo de violencia laboral del que son v\u00edctimas, generando herramientas, as\u00ed como redes de apoyo para que cientos de mujeres puedan prevenir estas conductas.<\/p>\n\n\n\n<p>Las categor\u00edas son texto narrativo, l\u00edrico o no literario y para poder participar las historias que se cuenten deber\u00e1n ser casos reales de violencia contra las mujeres en el \u00e1mbito laboral, con protecci\u00f3n de los datos sensibles de las participantes.<\/p>\n\n\n\n<p>Adem\u00e1s, las historias podr\u00e1n ser casos personales de violencia en el \u00e1mbito laboral, de mujeres cercanas a la participante que hayan sido v\u00edctimas de violencia, de la hija o madre o de quien, por alguna raz\u00f3n, no pueda expresarlo de forma escrita.<\/p>\n\n\n\n<p>La premiaci\u00f3n de este certamen se realizar\u00e1 el 8 de marzo pr\u00f3ximo, D\u00eda Internacional de la Mujer.<\/p>\n","protected":false},"excerpt":{"rendered":"<p>* La oficina de la diputada Perla Eufemia Romero ser\u00e1 unidad receptora de las propuestas de este concurso, que se realizar\u00e1 el 8 de marzo de este a\u00f1o. Xalapa, Ver.- La Comisi\u00f3n Permanente de Trabajo y Previsi\u00f3n Social de la LXVI Legislatura estatal, presidida por la diputada Perla Eufemia Romero Rodr\u00edguez, se suma a los [&hellip;]<\/p>\n","protected":false},"author":1,"featured_media":23018,"comment_status":"open","ping_status":"open","sticky":false,"template":"","format":"standard","meta":{"_jetpack_memberships_contains_paid_content":false,"footnotes":""},"categories":[2],"tags":[],"class_list":["post-23017","post","type-post","status-publish","format-standard","has-post-thumbnail","hentry","category-estado"],"jetpack_featured_media_url":"https:\/\/encuentroinformativo.com.mx\/wp-content\/uploads\/2022\/02\/40B62B31-DD9E-4C54-8519-CAD376DB405E.jpeg","jetpack_sharing_enabled":true,"jetpack_likes_enabled":true,"amp_enabled":true,"_links":{"self":[{"href":"https:\/\/encuentroinformativo.com.mx\/index.php?rest_route=\/wp\/v2\/posts\/23017","targetHints":{"allow":["GET"]}}],"collection":[{"href":"https:\/\/encuentroinformativo.com.mx\/index.php?rest_route=\/wp\/v2\/posts"}],"about":[{"href":"https:\/\/encuentroinformativo.com.mx\/index.php?rest_route=\/wp\/v2\/types\/post"}],"author":[{"embeddable":true,"href":"https:\/\/encuentroinformativo.com.mx\/index.php?rest_route=\/wp\/v2\/users\/1"}],"replies":[{"embeddable":true,"href":"https:\/\/encuentroinformativo.com.mx\/index.php?rest_route=%2Fwp%2Fv2%2Fcomments&post=23017"}],"version-history":[{"count":1,"href":"https:\/\/encuentroinformativo.com.mx\/index.php?rest_route=\/wp\/v2\/posts\/23017\/revisions"}],"predecessor-version":[{"id":23019,"href":"https:\/\/encuentroinformativo.com.mx\/index.php?rest_route=\/wp\/v2\/posts\/23017\/revisions\/23019"}],"wp:featuredmedia":[{"embeddable":true,"href":"https:\/\/encuentroinformativo.com.mx\/index.php?rest_route=\/wp\/v2\/media\/23018"}],"wp:attachment":[{"href":"https:\/\/encuentroinformativo.com.mx\/index.php?rest_route=%2Fwp%2Fv2%2Fmedia&parent=23017"}],"wp:term":[{"taxonomy":"category","embeddable":true,"href":"https:\/\/encuentroinformativo.com.mx\/index.php?rest_route=%2Fwp%2Fv2%2Fcategories&post=23017"},{"taxonomy":"post_tag","embeddable":true,"href":"https:\/\/encuentroinformativo.com.mx\/index.php?rest_route=%2Fwp%2Fv2%2Ftags&post=23017"}],"curies":[{"name":"wp","href":"https:\/\/api.w.org\/{rel}","templated":true}]}}