{"id":23025,"date":"2022-02-02T10:32:36","date_gmt":"2022-02-02T16:32:36","guid":{"rendered":"https:\/\/encuentroinformativo.com.mx\/?p=23025"},"modified":"2022-02-02T10:32:39","modified_gmt":"2022-02-02T16:32:39","slug":"tuxpeno-muere-electrocutado-en-refineria-olmeca","status":"publish","type":"post","link":"https:\/\/encuentroinformativo.com.mx\/?p=23025","title":{"rendered":"Tuxpe\u00f1o muere electrocutado en Refiner\u00eda Olmeca"},"content":{"rendered":"\n<p><strong>Alejandro \u00c1vila<\/strong><\/p>\n\n\n\n<p>Tuxpan, Ver.- La tarde de este martes, un joven trabajador de la Refiner\u00eda Olmeca en el Estado de Tabasco, falleci\u00f3 tras electrocutarse al interior del inmueble; seg\u00fan informes de la Fiscal\u00eda General del Estado, el hoy occiso era oriundo del municipio de Tuxpan en el estado de Veracruz.<\/p>\n\n\n\n<p>Seg\u00fan informaci\u00f3n de la FGE de Tabasco, el trabajador se encontraba haciendo maniobras en el patio central, cu\u00e1ndo por accidente toc\u00f3 l\u00edneas conductoras de energ\u00eda; ante esta situaci\u00f3n, Peritos de la Fiscal\u00eda se encuentran haciendo las investigaciones correspondientes.<\/p>\n\n\n\n<p>El fallecido fue identificado como Manuel Alejandro, alias \u201cEl Cejas\u201d, quien ten\u00eda su domicilio en el municipio de Para\u00edso, Tabasco; aunque es oriundo del municipio de Tuxpan, Veracruz, lugar d\u00f3nde se espera sean entregados los restos a sus familiares, para posteriormente ser sepultado.<\/p>\n\n\n\n<p>Las primeras investigaciones se\u00f1alan que se trat\u00f3 de un accidente laboral; pero ser\u00e1n las autoridades ministeriales quienes se encarguen de realizar las pesquisas correspondientes para establecer como es que sucedi\u00f3 la tragedia.<\/p>\n","protected":false},"excerpt":{"rendered":"<p>Alejandro \u00c1vila Tuxpan, Ver.- La tarde de este martes, un joven trabajador de la Refiner\u00eda Olmeca en el Estado de Tabasco, falleci\u00f3 tras electrocutarse al interior del inmueble; seg\u00fan informes de la Fiscal\u00eda General del Estado, el hoy occiso era oriundo del municipio de Tuxpan en el estado de Veracruz. Seg\u00fan informaci\u00f3n de la FGE [&hellip;]<\/p>\n","protected":false},"author":1,"featured_media":23026,"comment_status":"open","ping_status":"open","sticky":false,"template":"","format":"standard","meta":{"_jetpack_memberships_contains_paid_content":false,"footnotes":""},"categories":[14],"tags":[],"class_list":["post-23025","post","type-post","status-publish","format-standard","has-post-thumbnail","hentry","category-policiaca"],"jetpack_featured_media_url":"https:\/\/encuentroinformativo.com.mx\/wp-content\/uploads\/2022\/02\/61725F52-B102-407B-A8C3-7F95F18B1FA5.jpeg","jetpack_sharing_enabled":true,"jetpack_likes_enabled":true,"amp_enabled":true,"_links":{"self":[{"href":"https:\/\/encuentroinformativo.com.mx\/index.php?rest_route=\/wp\/v2\/posts\/23025","targetHints":{"allow":["GET"]}}],"collection":[{"href":"https:\/\/encuentroinformativo.com.mx\/index.php?rest_route=\/wp\/v2\/posts"}],"about":[{"href":"https:\/\/encuentroinformativo.com.mx\/index.php?rest_route=\/wp\/v2\/types\/post"}],"author":[{"embeddable":true,"href":"https:\/\/encuentroinformativo.com.mx\/index.php?rest_route=\/wp\/v2\/users\/1"}],"replies":[{"embeddable":true,"href":"https:\/\/encuentroinformativo.com.mx\/index.php?rest_route=%2Fwp%2Fv2%2Fcomments&post=23025"}],"version-history":[{"count":1,"href":"https:\/\/encuentroinformativo.com.mx\/index.php?rest_route=\/wp\/v2\/posts\/23025\/revisions"}],"predecessor-version":[{"id":23027,"href":"https:\/\/encuentroinformativo.com.mx\/index.php?rest_route=\/wp\/v2\/posts\/23025\/revisions\/23027"}],"wp:featuredmedia":[{"embeddable":true,"href":"https:\/\/encuentroinformativo.com.mx\/index.php?rest_route=\/wp\/v2\/media\/23026"}],"wp:attachment":[{"href":"https:\/\/encuentroinformativo.com.mx\/index.php?rest_route=%2Fwp%2Fv2%2Fmedia&parent=23025"}],"wp:term":[{"taxonomy":"category","embeddable":true,"href":"https:\/\/encuentroinformativo.com.mx\/index.php?rest_route=%2Fwp%2Fv2%2Fcategories&post=23025"},{"taxonomy":"post_tag","embeddable":true,"href":"https:\/\/encuentroinformativo.com.mx\/index.php?rest_route=%2Fwp%2Fv2%2Ftags&post=23025"}],"curies":[{"name":"wp","href":"https:\/\/api.w.org\/{rel}","templated":true}]}}