{"id":23028,"date":"2022-02-02T10:54:35","date_gmt":"2022-02-02T16:54:35","guid":{"rendered":"https:\/\/encuentroinformativo.com.mx\/?p=23028"},"modified":"2022-02-02T10:54:39","modified_gmt":"2022-02-02T16:54:39","slug":"congreso-de-veracruz-debe-dar-su-lugar-enrique-cambranis-en-jucopo","status":"publish","type":"post","link":"https:\/\/encuentroinformativo.com.mx\/?p=23028","title":{"rendered":"Congreso de Veracruz debe dar su lugar Enrique Cambranis en JUCOPO"},"content":{"rendered":"\n<p><strong>Alejandro \u00c1vila<\/strong><\/p>\n\n\n\n<p>Veracruz, Ver.- Como &#8220;una falta&#8221; del Congreso de Veracruz, calific\u00f3 el Senador Julen Rementer\u00eda del Puerto, que no se respete el lugar de Enrique Cambranis Torres, en la Junta de Coordinaci\u00f3n Pol\u00edtica (JUCOPO).<\/p>\n\n\n\n<p>El Senador mencion\u00f3 que, la nueva dirigencia del Partido Acci\u00f3n Nacional (PAN) en Veracruz, recientemente nombr\u00f3 a Enrique Cambranis Torres, como coordinador de la bancada, por lo que de forma inmediata deben de respetarle sus derechos, e integrarlo la JUCOPO.<\/p>\n\n\n\n<p>&#8220;No hay m\u00e1s discusi\u00f3n. Yo creo que el partido resuelve sus diferencias a trav\u00e9s de los m\u00e9todos ordinarios, as\u00ed hay que hacerlo, hay la posibilidad, en los casos que sea necesario, de acudir a otras instancias, pero nunca debemos de poner en predicamento el funcionamiento de un Grupo Parlamentario en el Congreso de Veracruz, qu\u00e9 tan importante es para qu\u00e9 pueda hacer los contrapesos que necesita la Legislatura, y evitar en lo posible, los atropellos que Morena hace, pues ya hemos visto el da\u00f1o tan grande que genera la econom\u00eda, a la salud, y a la seguridad&#8221;, remat\u00f3.<\/p>\n\n\n\n<p>Rementer\u00eda del Puerto descart\u00f3 una ruptura al interior de la bancada panista, pues s\u00ed bien se rumor\u00f3 que el anterior coordinador, Oth\u00f3n Hern\u00e1ndez Candanedo, movi\u00f3 influencias para evitar que, Enrique Cambranis Torres, asumiera su espacio en la JUCOPO, el Senador veracruzano, calific\u00f3 esta acci\u00f3n como &#8220;una batalla perdida&#8221;.<\/p>\n\n\n\n<p>&#8220;No tiene ning\u00fan caso, porque claramente establece la forma de elegir al coordinador, el partido lo decide, de manera lateral el presidente. El presidente del partido (Federico Salom\u00f3n) lo elige, y el Congreso tiene que recibir esa propuesta y procesarla, punto. No hay m\u00e1s discusi\u00f3n&#8221;, culmin\u00f3.<\/p>\n\n\n\n<p>Finalmente Julen Rementer\u00eda dijo que, las situaciones internas del PAN llevan los procesos correspondientes qu\u00e9 se marcan en los estatutos; por lo que las posibles diferencias se podr\u00e1n dirimir en pr\u00f3ximas fechas.<\/p>\n","protected":false},"excerpt":{"rendered":"<p>Alejandro \u00c1vila Veracruz, Ver.- Como &#8220;una falta&#8221; del Congreso de Veracruz, calific\u00f3 el Senador Julen Rementer\u00eda del Puerto, que no se respete el lugar de Enrique Cambranis Torres, en la Junta de Coordinaci\u00f3n Pol\u00edtica (JUCOPO). El Senador mencion\u00f3 que, la nueva dirigencia del Partido Acci\u00f3n Nacional (PAN) en Veracruz, recientemente nombr\u00f3 a Enrique Cambranis Torres, [&hellip;]<\/p>\n","protected":false},"author":1,"featured_media":16646,"comment_status":"open","ping_status":"open","sticky":false,"template":"","format":"standard","meta":{"_jetpack_memberships_contains_paid_content":false,"footnotes":""},"categories":[2],"tags":[],"class_list":["post-23028","post","type-post","status-publish","format-standard","has-post-thumbnail","hentry","category-estado"],"jetpack_featured_media_url":"https:\/\/encuentroinformativo.com.mx\/wp-content\/uploads\/2021\/07\/A9C55B23-D0B1-4BC0-BFD1-2AC6ECC53CFA.jpeg","jetpack_sharing_enabled":true,"jetpack_likes_enabled":true,"amp_enabled":true,"_links":{"self":[{"href":"https:\/\/encuentroinformativo.com.mx\/index.php?rest_route=\/wp\/v2\/posts\/23028","targetHints":{"allow":["GET"]}}],"collection":[{"href":"https:\/\/encuentroinformativo.com.mx\/index.php?rest_route=\/wp\/v2\/posts"}],"about":[{"href":"https:\/\/encuentroinformativo.com.mx\/index.php?rest_route=\/wp\/v2\/types\/post"}],"author":[{"embeddable":true,"href":"https:\/\/encuentroinformativo.com.mx\/index.php?rest_route=\/wp\/v2\/users\/1"}],"replies":[{"embeddable":true,"href":"https:\/\/encuentroinformativo.com.mx\/index.php?rest_route=%2Fwp%2Fv2%2Fcomments&post=23028"}],"version-history":[{"count":1,"href":"https:\/\/encuentroinformativo.com.mx\/index.php?rest_route=\/wp\/v2\/posts\/23028\/revisions"}],"predecessor-version":[{"id":23029,"href":"https:\/\/encuentroinformativo.com.mx\/index.php?rest_route=\/wp\/v2\/posts\/23028\/revisions\/23029"}],"wp:featuredmedia":[{"embeddable":true,"href":"https:\/\/encuentroinformativo.com.mx\/index.php?rest_route=\/wp\/v2\/media\/16646"}],"wp:attachment":[{"href":"https:\/\/encuentroinformativo.com.mx\/index.php?rest_route=%2Fwp%2Fv2%2Fmedia&parent=23028"}],"wp:term":[{"taxonomy":"category","embeddable":true,"href":"https:\/\/encuentroinformativo.com.mx\/index.php?rest_route=%2Fwp%2Fv2%2Fcategories&post=23028"},{"taxonomy":"post_tag","embeddable":true,"href":"https:\/\/encuentroinformativo.com.mx\/index.php?rest_route=%2Fwp%2Fv2%2Ftags&post=23028"}],"curies":[{"name":"wp","href":"https:\/\/api.w.org\/{rel}","templated":true}]}}