{"id":23036,"date":"2022-02-02T11:56:50","date_gmt":"2022-02-02T17:56:50","guid":{"rendered":"https:\/\/encuentroinformativo.com.mx\/?p=23036"},"modified":"2022-02-02T12:55:51","modified_gmt":"2022-02-02T18:55:51","slug":"madre-pide-ayuda-para-joven-lesionada","status":"publish","type":"post","link":"https:\/\/encuentroinformativo.com.mx\/?p=23036","title":{"rendered":"Madre pide ayuda para joven lesionada"},"content":{"rendered":"\n<p><strong>Dar\u00edo Pale<\/strong><\/p>\n\n\n\n<p>Xalapa, Ver.- Debido a que el pasado s\u00e1bado sufri\u00f3 una lesi\u00f3n en cuatro dedos de la mano derecha al ser prensada dicha extremidad por una compuerta de un cami\u00f3n recolector de basura, la se\u00f1ora Luz Adriana Rinc\u00f3n pidi\u00f3 el apoyo de la Direcci\u00f3n de Limpia P\u00fablica municipal de Xalapa para costear los gastos m\u00e9dicos de su hija.<\/p>\n\n\n\n<p>Entrevistada en los pasillos de conocido caf\u00e9 del centro de Xalapa coment\u00f3 que, &#8220;vengo a pedir el apoyo para mi hija. Es trabajadora de Limpia P\u00fablica, trabaja como pepenadora. El d\u00eda s\u00e1bado tuvo un accidente. Una parte de su mano fue agarrada por una compuerta del carro de la basura. La tiene muy da\u00f1ada&#8221;.<\/p>\n\n\n\n<p>Se\u00f1al\u00f3 que su hija no es trabajadora de forma normal en dicha \u00e1rea del municipio, ya que a ella le dan permiso para realizar de plancha o pepena con los que el a\u00fan no tiene relaci\u00f3n laboral formal, acudi\u00f3 con el encargado de Limpia P\u00fablica, quien hasta ahora s\u00f3lo la apoy\u00f3 con 400 pesos para los gastos m\u00e9dicos.<\/p>\n\n\n\n<p>&#8220;Le pedimos ayuda al Director de Limpia P\u00fablica. Nos hab\u00eda dicho que s\u00ed nos iba a dar una respuesta para ayudarle a mi hija. El d\u00eda de ayer nos dijo que no, que no pod\u00eda hacer nada. \u00c9l nos ayud\u00f3, con poco o mucho que pudo, con 400 pesos. Eso creo yo, no se me hace justo&#8221;, coment\u00f3.<\/p>\n\n\n\n<p>Finalmente dio a conocer que la joven mujer, quien es madre soltera y trabaja separando la basura, se encuentra en el hospital Luis F. Nach\u00f3n en esta capital, la madre de la joven pidi\u00f3 apoyo para costear los gastos m\u00e9dicos.<\/p>\n\n\n\n<figure class=\"wp-block-image size-large\"><img loading=\"lazy\" decoding=\"async\" width=\"757\" height=\"978\" src=\"https:\/\/encuentroinformativo.com.mx\/wp-content\/uploads\/2022\/02\/1A6880D8-5E67-489F-9FC6-A7542A7B6BC8.jpeg\" alt=\"\" class=\"wp-image-23038\" srcset=\"https:\/\/encuentroinformativo.com.mx\/wp-content\/uploads\/2022\/02\/1A6880D8-5E67-489F-9FC6-A7542A7B6BC8.jpeg 757w, https:\/\/encuentroinformativo.com.mx\/wp-content\/uploads\/2022\/02\/1A6880D8-5E67-489F-9FC6-A7542A7B6BC8-232x300.jpeg 232w\" sizes=\"auto, (max-width: 757px) 100vw, 757px\" \/><\/figure>\n","protected":false},"excerpt":{"rendered":"<p>Dar\u00edo Pale Xalapa, Ver.- Debido a que el pasado s\u00e1bado sufri\u00f3 una lesi\u00f3n en cuatro dedos de la mano derecha al ser prensada dicha extremidad por una compuerta de un cami\u00f3n recolector de basura, la se\u00f1ora Luz Adriana Rinc\u00f3n pidi\u00f3 el apoyo de la Direcci\u00f3n de Limpia P\u00fablica municipal de Xalapa para costear los gastos [&hellip;]<\/p>\n","protected":false},"author":1,"featured_media":23037,"comment_status":"open","ping_status":"open","sticky":false,"template":"","format":"standard","meta":{"_jetpack_memberships_contains_paid_content":false,"footnotes":""},"categories":[9],"tags":[],"class_list":["post-23036","post","type-post","status-publish","format-standard","has-post-thumbnail","hentry","category-salud"],"jetpack_featured_media_url":"https:\/\/encuentroinformativo.com.mx\/wp-content\/uploads\/2022\/02\/98A6C4ED-3D63-47BF-9176-2A2D7A410C69.jpeg","jetpack_sharing_enabled":true,"jetpack_likes_enabled":true,"amp_enabled":true,"_links":{"self":[{"href":"https:\/\/encuentroinformativo.com.mx\/index.php?rest_route=\/wp\/v2\/posts\/23036","targetHints":{"allow":["GET"]}}],"collection":[{"href":"https:\/\/encuentroinformativo.com.mx\/index.php?rest_route=\/wp\/v2\/posts"}],"about":[{"href":"https:\/\/encuentroinformativo.com.mx\/index.php?rest_route=\/wp\/v2\/types\/post"}],"author":[{"embeddable":true,"href":"https:\/\/encuentroinformativo.com.mx\/index.php?rest_route=\/wp\/v2\/users\/1"}],"replies":[{"embeddable":true,"href":"https:\/\/encuentroinformativo.com.mx\/index.php?rest_route=%2Fwp%2Fv2%2Fcomments&post=23036"}],"version-history":[{"count":2,"href":"https:\/\/encuentroinformativo.com.mx\/index.php?rest_route=\/wp\/v2\/posts\/23036\/revisions"}],"predecessor-version":[{"id":23040,"href":"https:\/\/encuentroinformativo.com.mx\/index.php?rest_route=\/wp\/v2\/posts\/23036\/revisions\/23040"}],"wp:featuredmedia":[{"embeddable":true,"href":"https:\/\/encuentroinformativo.com.mx\/index.php?rest_route=\/wp\/v2\/media\/23037"}],"wp:attachment":[{"href":"https:\/\/encuentroinformativo.com.mx\/index.php?rest_route=%2Fwp%2Fv2%2Fmedia&parent=23036"}],"wp:term":[{"taxonomy":"category","embeddable":true,"href":"https:\/\/encuentroinformativo.com.mx\/index.php?rest_route=%2Fwp%2Fv2%2Fcategories&post=23036"},{"taxonomy":"post_tag","embeddable":true,"href":"https:\/\/encuentroinformativo.com.mx\/index.php?rest_route=%2Fwp%2Fv2%2Ftags&post=23036"}],"curies":[{"name":"wp","href":"https:\/\/api.w.org\/{rel}","templated":true}]}}