{"id":2304,"date":"2020-05-03T18:53:36","date_gmt":"2020-05-03T23:53:36","guid":{"rendered":"https:\/\/encuentroinformativo.com\/?p=2304"},"modified":"2020-05-03T18:53:38","modified_gmt":"2020-05-03T23:53:38","slug":"pan-reprueba-desaparicion-de-fideicomisos-en-veracruz","status":"publish","type":"post","link":"https:\/\/encuentroinformativo.com.mx\/?p=2304","title":{"rendered":"PAN reprueba desaparici\u00f3n de fideicomisos en Veracruz"},"content":{"rendered":"\n<p><strong>Juan Arcos <\/strong><\/p>\n\n\n\n<p>Xalapa, Ver.- El dirigente estatal del Partido Acci\u00f3n Nacional (PAN), Joaqu\u00edn Guzm\u00e1n Avil\u00e9s, reprob\u00f3 que el gobierno morenista haya extinguido los fideicomisos p\u00fablicos en Veracruz.<\/p>\n\n\n\n<p>Record\u00f3 que el pasado 21 de abril se public\u00f3 en la Gaceta Oficial del Estado un decreto del Gobernador Cuitl\u00e1huac Garc\u00eda Jim\u00e9nez que ordena la extinci\u00f3n o terminaci\u00f3n de fideicomisos p\u00fablicos sin estructura, mandatos p\u00fablicos y an\u00e1logos.<\/p>\n\n\n\n<p>\u201cCon una semana en fase tres, todos estamos ocupados en contener la tasa de contagios, los muertos se incrementan exponencialmente, hace falta equipo sanitario en hospitales, la violencia en niveles alt\u00edsimos y tantos problemas m\u00e1s, y MORENA, en lo oscurito, de la manera menos transparente extingue los fideicomisos p\u00fablicos en Veracruz\u201d.<\/p>\n\n\n\n<p>Enfatiz\u00f3 que los fideicomisos p\u00fablicos fueron constituidos con el objeto de administrar los recursos de los veracruzanos y destinarlo al apoyo de programas y proyectos espec\u00edficos.<\/p>\n\n\n\n<p>\u201cEl decreto emitido por el Gobernador del Estado es consecuencia del decreto emitido el pasado 02 de abril por el Gobierno Federal donde se extinguieron fideicomisos, fondos, y otros; que en conjunto permiten el uso de millones de pesos, y que hasta el momento, no nos queda claro en qu\u00e9 se emplear\u00e1n\u201d.<\/p>\n\n\n\n<p>En el estado existen Fideicomisos cuyo saldo patrimonial asciende a millones de pesos.<\/p>\n\n\n\n<p>Sin embargo, el Gobierno de Morena no ha informado cu\u00e1ntos y cu\u00e1les ser\u00e1n los fideicomisos afectados, y sobre todo, no se ha explicado a la ciudadan\u00eda qu\u00e9 har\u00e1n con el dinero y los bienes de los veracruzanos.<\/p>\n","protected":false},"excerpt":{"rendered":"<p>Juan Arcos Xalapa, Ver.- El dirigente estatal del Partido Acci\u00f3n Nacional (PAN), Joaqu\u00edn Guzm\u00e1n Avil\u00e9s, reprob\u00f3 que el gobierno morenista haya extinguido los fideicomisos p\u00fablicos en Veracruz. Record\u00f3 que el pasado 21 de abril se public\u00f3 en la Gaceta Oficial del Estado un decreto del Gobernador Cuitl\u00e1huac Garc\u00eda Jim\u00e9nez que ordena la extinci\u00f3n o terminaci\u00f3n [&hellip;]<\/p>\n","protected":false},"author":1,"featured_media":2305,"comment_status":"open","ping_status":"open","sticky":false,"template":"","format":"standard","meta":{"_jetpack_memberships_contains_paid_content":false,"footnotes":""},"categories":[2],"tags":[],"class_list":["post-2304","post","type-post","status-publish","format-standard","has-post-thumbnail","hentry","category-estado"],"jetpack_featured_media_url":"https:\/\/encuentroinformativo.com.mx\/wp-content\/uploads\/2020\/05\/828F4A97-0CE6-48CD-B24A-660008CD42EC.jpeg","jetpack_sharing_enabled":true,"jetpack_likes_enabled":true,"amp_enabled":true,"_links":{"self":[{"href":"https:\/\/encuentroinformativo.com.mx\/index.php?rest_route=\/wp\/v2\/posts\/2304","targetHints":{"allow":["GET"]}}],"collection":[{"href":"https:\/\/encuentroinformativo.com.mx\/index.php?rest_route=\/wp\/v2\/posts"}],"about":[{"href":"https:\/\/encuentroinformativo.com.mx\/index.php?rest_route=\/wp\/v2\/types\/post"}],"author":[{"embeddable":true,"href":"https:\/\/encuentroinformativo.com.mx\/index.php?rest_route=\/wp\/v2\/users\/1"}],"replies":[{"embeddable":true,"href":"https:\/\/encuentroinformativo.com.mx\/index.php?rest_route=%2Fwp%2Fv2%2Fcomments&post=2304"}],"version-history":[{"count":1,"href":"https:\/\/encuentroinformativo.com.mx\/index.php?rest_route=\/wp\/v2\/posts\/2304\/revisions"}],"predecessor-version":[{"id":2306,"href":"https:\/\/encuentroinformativo.com.mx\/index.php?rest_route=\/wp\/v2\/posts\/2304\/revisions\/2306"}],"wp:featuredmedia":[{"embeddable":true,"href":"https:\/\/encuentroinformativo.com.mx\/index.php?rest_route=\/wp\/v2\/media\/2305"}],"wp:attachment":[{"href":"https:\/\/encuentroinformativo.com.mx\/index.php?rest_route=%2Fwp%2Fv2%2Fmedia&parent=2304"}],"wp:term":[{"taxonomy":"category","embeddable":true,"href":"https:\/\/encuentroinformativo.com.mx\/index.php?rest_route=%2Fwp%2Fv2%2Fcategories&post=2304"},{"taxonomy":"post_tag","embeddable":true,"href":"https:\/\/encuentroinformativo.com.mx\/index.php?rest_route=%2Fwp%2Fv2%2Ftags&post=2304"}],"curies":[{"name":"wp","href":"https:\/\/api.w.org\/{rel}","templated":true}]}}