{"id":23042,"date":"2022-02-02T13:55:15","date_gmt":"2022-02-02T19:55:15","guid":{"rendered":"https:\/\/encuentroinformativo.com.mx\/?p=23042"},"modified":"2022-02-02T13:55:17","modified_gmt":"2022-02-02T19:55:17","slug":"animalistas-demandan-investigar-maltrato-de-toros-en-tlacotalpan","status":"publish","type":"post","link":"https:\/\/encuentroinformativo.com.mx\/?p=23042","title":{"rendered":"Animalistas demandan investigar maltrato de toros en Tlacotalpan"},"content":{"rendered":"\n<p><strong>Juan Arcos <\/strong><\/p>\n\n\n\n<p>Xalapa, Ver.- Animalistas denunciaron que las autoridades municipales y estatales violentaron la Ley de Protecci\u00f3n Animal para el Estado de Veracruz por el maltrato \u201cbrutal\u201d registrado en el municipio de Tlacotalpan, durante la tradici\u00f3n del embalse de toros en las fiestas de la Virgen de la Candelaria.<\/p>\n\n\n\n<p>De acuerdo con Lourdes Jim\u00e9nez Mora, integrante de la Coalici\u00f3n de Activistas por los Derechos de los Animales en el Estado de Veracruz, la Fiscal\u00eda General del Estado (FGE) deber\u00e1 iniciar la investigaci\u00f3n correspondiente para sancionar a los responsables.<\/p>\n\n\n\n<p>\u201cEsperamos que las autoridades hagan lo propio, con base en lo que est\u00e1 circulando en los medios, gracias a las fotos de los compa\u00f1eros periodistas, act\u00fae. Que la Fiscal\u00eda recuerde que no necesita que nadie le haga una denuncia para actuar en favor de los animales, que es su obligaci\u00f3n\u201d, enfatiz\u00f3.<\/p>\n\n\n\n<p>Los toros de lidia son atados con cuerdas y cruzados por el r\u00edo Papaloapan flotando a un costado de las lanchas, donde decenas de personas los sostienen para evitar que se ahoguen; sin embargo, al tocar tierra, son agredidos a golpes por los visitantes, quienes lanzan botellas, piedras y cualquier objeto que encuentren a su paso.<\/p>\n\n\n\n<p>Los defensores de los animales repudiaron que la misma titular de la Secretar\u00eda de Turismo, X\u00f3chitl Arbes\u00fa Lago, y el alcalde de Tlacotalpan, Luis Medina Aguirre, hayan anunciado p\u00fablicamente dicha actividad, pese a que el maltrato animal est\u00e1 penado en la entidad.<\/p>\n\n\n\n<p>\u201cSabemos que este tipo de actos son actos violentos, es donde la gente puede expresar de manera abierta la necesidad de violencia. Desafortunadamente, en Veracruz lo hemos permitido una vez m\u00e1s. La Secretar\u00eda de Turismo nuevamente sali\u00f3 a anunciarlo, haciendo caso omiso a que hay una prohibici\u00f3n expresa a la ley de protecci\u00f3n a los animales. No sabemos en qu\u00e9 se basan ellos (autoridades) para poder salir y anunciar un il\u00edcito, y despu\u00e9s para ser testigos de ello, las im\u00e1genes son claras, el maltrato a los animales fue brutal\u201d, expres\u00f3 Jim\u00e9nez Mora.<\/p>\n\n\n\n<p>La activista record\u00f3 que en a\u00f1os anteriores fueron presentadas las denuncias en la Fiscal\u00eda Especializada en Delitos Ambientales y Contra los Animales (Fedayca) por el mismo motivo; sin embargo, no procedieron.<\/p>\n\n\n\n<p>\u201cNuevamente condenamos los hechos y que doloroso que solamente podamos condenar los hechos, hemos hecho denuncias anteriormente, hemos hecho muchas cosas, pero la justicia para los animales no est\u00e1 llegando a\u00fan\u201d, a\u00f1adi\u00f3 Jim\u00e9nez Mora.<\/p>\n\n\n\n<p>Los animalistas pidieron a sus compa\u00f1eros de todo el pa\u00eds y del mundo que alcen la voz en contra de este caso de maltrato animal para que se proceda contra los responsables y cesen este tipo de actividades.<\/p>\n\n\n\n<p>\u201cEsperemos que el gobierno del estado pueda llamar a cuentas a la secretaria de turismo, que es quien, sin ning\u00fan problema, sali\u00f3 a anunciar este acto, por lo tanto es responsabilidad de ella y del Alcalde de Tlacotalpan, esperemos que las autoridades hagan lo propio\u201d, remat\u00f3 Lourdes Jim\u00e9nez, coordinadora de Proyecto ARPA.<\/p>\n","protected":false},"excerpt":{"rendered":"<p>Juan Arcos Xalapa, Ver.- Animalistas denunciaron que las autoridades municipales y estatales violentaron la Ley de Protecci\u00f3n Animal para el Estado de Veracruz por el maltrato \u201cbrutal\u201d registrado en el municipio de Tlacotalpan, durante la tradici\u00f3n del embalse de toros en las fiestas de la Virgen de la Candelaria. De acuerdo con Lourdes Jim\u00e9nez Mora, [&hellip;]<\/p>\n","protected":false},"author":1,"featured_media":23043,"comment_status":"open","ping_status":"open","sticky":false,"template":"","format":"standard","meta":{"_jetpack_memberships_contains_paid_content":false,"footnotes":""},"categories":[2],"tags":[],"class_list":["post-23042","post","type-post","status-publish","format-standard","has-post-thumbnail","hentry","category-estado"],"jetpack_featured_media_url":"https:\/\/encuentroinformativo.com.mx\/wp-content\/uploads\/2022\/02\/288F7145-51D9-4950-9898-2CA661182374.jpeg","jetpack_sharing_enabled":true,"jetpack_likes_enabled":true,"amp_enabled":true,"_links":{"self":[{"href":"https:\/\/encuentroinformativo.com.mx\/index.php?rest_route=\/wp\/v2\/posts\/23042","targetHints":{"allow":["GET"]}}],"collection":[{"href":"https:\/\/encuentroinformativo.com.mx\/index.php?rest_route=\/wp\/v2\/posts"}],"about":[{"href":"https:\/\/encuentroinformativo.com.mx\/index.php?rest_route=\/wp\/v2\/types\/post"}],"author":[{"embeddable":true,"href":"https:\/\/encuentroinformativo.com.mx\/index.php?rest_route=\/wp\/v2\/users\/1"}],"replies":[{"embeddable":true,"href":"https:\/\/encuentroinformativo.com.mx\/index.php?rest_route=%2Fwp%2Fv2%2Fcomments&post=23042"}],"version-history":[{"count":1,"href":"https:\/\/encuentroinformativo.com.mx\/index.php?rest_route=\/wp\/v2\/posts\/23042\/revisions"}],"predecessor-version":[{"id":23044,"href":"https:\/\/encuentroinformativo.com.mx\/index.php?rest_route=\/wp\/v2\/posts\/23042\/revisions\/23044"}],"wp:featuredmedia":[{"embeddable":true,"href":"https:\/\/encuentroinformativo.com.mx\/index.php?rest_route=\/wp\/v2\/media\/23043"}],"wp:attachment":[{"href":"https:\/\/encuentroinformativo.com.mx\/index.php?rest_route=%2Fwp%2Fv2%2Fmedia&parent=23042"}],"wp:term":[{"taxonomy":"category","embeddable":true,"href":"https:\/\/encuentroinformativo.com.mx\/index.php?rest_route=%2Fwp%2Fv2%2Fcategories&post=23042"},{"taxonomy":"post_tag","embeddable":true,"href":"https:\/\/encuentroinformativo.com.mx\/index.php?rest_route=%2Fwp%2Fv2%2Ftags&post=23042"}],"curies":[{"name":"wp","href":"https:\/\/api.w.org\/{rel}","templated":true}]}}