{"id":23055,"date":"2022-02-02T14:26:53","date_gmt":"2022-02-02T20:26:53","guid":{"rendered":"https:\/\/encuentroinformativo.com.mx\/?p=23055"},"modified":"2022-02-02T14:26:56","modified_gmt":"2022-02-02T20:26:56","slug":"por-nuevo-frente-frio-se-esperan-vientos-fuertes-conagua","status":"publish","type":"post","link":"https:\/\/encuentroinformativo.com.mx\/?p=23055","title":{"rendered":"Por nuevo frente fr\u00edo se esperan vientos fuertes: CONAGUA"},"content":{"rendered":"\n<p><strong>Juan Arcos<\/strong><\/p>\n\n\n\n<p>Xalapa, Ver.- A partir del jueves 3 de febrero comenzar\u00e1n a sentirse los efectos de un nuevo frente fr\u00edo en la entidad veracruzana, alert\u00f3 la meteor\u00f3loga de la Comisi\u00f3n Nacional del Agua (Conagua), Jessica Iveth Luna Lagunes.<\/p>\n\n\n\n<p>La especialista indic\u00f3 que podr\u00eda registrarse un evento de norte con rachas superiores a los 100 kil\u00f3metros por hora, en la zona costera del estado.<\/p>\n\n\n\n<p>\u201cSe prev\u00e9 que otro sistema frontal este recorriendo el estado de Veracruz, entre la tarde noche del pr\u00f3ximo jueves y el transcurso del d\u00eda viernes, hasta este momento se indica que pudiera generar otro evento de norte pues fuerte a intenso quiz\u00e1s con rachas arriba de los 100 kil\u00f3metros por hora\u201d.<\/p>\n\n\n\n<p>La meteor\u00f3loga dio a conocer que tambi\u00e9n se podr\u00eda registrar un incremento en el potencial de lluvias y un nuevo descenso de temperaturas.<\/p>\n\n\n\n<p>Este mi\u00e9rcoles, la Secretar\u00eda de Protecci\u00f3n Civil (PC) emiti\u00f3 la Alerta Gris por evento de norte con rachas m\u00e1ximas de 95 a 105 kil\u00f3metros por hora, durante los d\u00edas jueves y viernes, decreciendo el s\u00e1bado y domingo, pero intensific\u00e1ndose nuevamente el lunes 7 de febrero.<\/p>\n\n\n\n<p>Adem\u00e1s, se prev\u00e9 una surada en regiones de Orizaba, Los Tuxtlas, y en la Cuenca del Coatzacoalcos, de menor intensidad en la costa norte.<\/p>\n","protected":false},"excerpt":{"rendered":"<p>Juan Arcos Xalapa, Ver.- A partir del jueves 3 de febrero comenzar\u00e1n a sentirse los efectos de un nuevo frente fr\u00edo en la entidad veracruzana, alert\u00f3 la meteor\u00f3loga de la Comisi\u00f3n Nacional del Agua (Conagua), Jessica Iveth Luna Lagunes. La especialista indic\u00f3 que podr\u00eda registrarse un evento de norte con rachas superiores a los 100 [&hellip;]<\/p>\n","protected":false},"author":1,"featured_media":23056,"comment_status":"open","ping_status":"open","sticky":false,"template":"","format":"standard","meta":{"_jetpack_memberships_contains_paid_content":false,"footnotes":""},"categories":[2],"tags":[],"class_list":["post-23055","post","type-post","status-publish","format-standard","has-post-thumbnail","hentry","category-estado"],"jetpack_featured_media_url":"https:\/\/encuentroinformativo.com.mx\/wp-content\/uploads\/2022\/02\/CA3198F7-8405-45F1-A571-024E65E2C693.jpeg","jetpack_sharing_enabled":true,"jetpack_likes_enabled":true,"amp_enabled":true,"_links":{"self":[{"href":"https:\/\/encuentroinformativo.com.mx\/index.php?rest_route=\/wp\/v2\/posts\/23055","targetHints":{"allow":["GET"]}}],"collection":[{"href":"https:\/\/encuentroinformativo.com.mx\/index.php?rest_route=\/wp\/v2\/posts"}],"about":[{"href":"https:\/\/encuentroinformativo.com.mx\/index.php?rest_route=\/wp\/v2\/types\/post"}],"author":[{"embeddable":true,"href":"https:\/\/encuentroinformativo.com.mx\/index.php?rest_route=\/wp\/v2\/users\/1"}],"replies":[{"embeddable":true,"href":"https:\/\/encuentroinformativo.com.mx\/index.php?rest_route=%2Fwp%2Fv2%2Fcomments&post=23055"}],"version-history":[{"count":1,"href":"https:\/\/encuentroinformativo.com.mx\/index.php?rest_route=\/wp\/v2\/posts\/23055\/revisions"}],"predecessor-version":[{"id":23057,"href":"https:\/\/encuentroinformativo.com.mx\/index.php?rest_route=\/wp\/v2\/posts\/23055\/revisions\/23057"}],"wp:featuredmedia":[{"embeddable":true,"href":"https:\/\/encuentroinformativo.com.mx\/index.php?rest_route=\/wp\/v2\/media\/23056"}],"wp:attachment":[{"href":"https:\/\/encuentroinformativo.com.mx\/index.php?rest_route=%2Fwp%2Fv2%2Fmedia&parent=23055"}],"wp:term":[{"taxonomy":"category","embeddable":true,"href":"https:\/\/encuentroinformativo.com.mx\/index.php?rest_route=%2Fwp%2Fv2%2Fcategories&post=23055"},{"taxonomy":"post_tag","embeddable":true,"href":"https:\/\/encuentroinformativo.com.mx\/index.php?rest_route=%2Fwp%2Fv2%2Ftags&post=23055"}],"curies":[{"name":"wp","href":"https:\/\/api.w.org\/{rel}","templated":true}]}}