{"id":23061,"date":"2022-02-02T14:56:40","date_gmt":"2022-02-02T20:56:40","guid":{"rendered":"https:\/\/encuentroinformativo.com.mx\/?p=23061"},"modified":"2022-02-02T14:56:44","modified_gmt":"2022-02-02T20:56:44","slug":"muere-trailero-en-volcadura-pobladores-a-la-rapina","status":"publish","type":"post","link":"https:\/\/encuentroinformativo.com.mx\/?p=23061","title":{"rendered":"Muere trailero en volcadura; pobladores a la rapi\u00f1a"},"content":{"rendered":"\n<p><strong>Juan Arcos<\/strong><\/p>\n\n\n\n<p>Xalapa, Ver.- Un trailero muri\u00f3 y otras dos personas resultaron heridas tras la volcadura de una unidad de carga pesada sobre la carretera Xalapa-Perote.<\/p>\n\n\n\n<p>Los hechos ocurrieron alrededor de las 10:30 de la ma\u00f1ana de este mi\u00e9rcoles 2 de febrero, a la altura de la localidad El Fresno, municipio de Tlacolulan, donde la gente cometi\u00f3 rapi\u00f1a, toda vez que el tr\u00e1iler iba cargado de abarrotes.<\/p>\n\n\n\n<p>De acuerdo con los rescatistas, el conductor de la unidad perdi\u00f3 el control por exceso de velocidad y una posible falla mec\u00e1nica.<\/p>\n\n\n\n<p>El cami\u00f3n se impact\u00f3 contra el muro de contenci\u00f3n, lo derrib\u00f3 y luego qued\u00f3 tendido sobre los carriles del sentido contrario, alcanzando tambi\u00e9n a una camioneta particular.<\/p>\n\n\n\n<p>Al sitio arrib\u00f3 personal del Sistema de Emergencias M\u00e9dicas, mismo que confirm\u00f3 la muerte del chofer y brind\u00f3 atenci\u00f3n a las dos personas que viajaban a bordo de la camioneta.<\/p>\n\n\n\n<p>Tambi\u00e9n se movilizaron elementos de la Secretar\u00eda de Seguridad P\u00fablica (SSP) para acordonar la zona, en espera de los peritos de la Fiscal\u00eda General del Estado (FGE).<\/p>\n\n\n\n<p>Cabe mencionar que la mercanc\u00eda qued\u00f3 esparcida en la zona, la cual fue robada por los pobladores de las localidades aleda\u00f1as.\u00a0<\/p>\n\n\n\n<figure class=\"wp-block-image size-large\"><img loading=\"lazy\" decoding=\"async\" width=\"1024\" height=\"768\" src=\"https:\/\/encuentroinformativo.com.mx\/wp-content\/uploads\/2022\/02\/F2918D4E-0179-4667-B984-116CDBA35A87-1024x768.jpeg\" alt=\"\" class=\"wp-image-23060\" srcset=\"https:\/\/encuentroinformativo.com.mx\/wp-content\/uploads\/2022\/02\/F2918D4E-0179-4667-B984-116CDBA35A87-1024x768.jpeg 1024w, https:\/\/encuentroinformativo.com.mx\/wp-content\/uploads\/2022\/02\/F2918D4E-0179-4667-B984-116CDBA35A87-300x225.jpeg 300w, https:\/\/encuentroinformativo.com.mx\/wp-content\/uploads\/2022\/02\/F2918D4E-0179-4667-B984-116CDBA35A87-768x576.jpeg 768w, https:\/\/encuentroinformativo.com.mx\/wp-content\/uploads\/2022\/02\/F2918D4E-0179-4667-B984-116CDBA35A87.jpeg 1200w\" sizes=\"auto, (max-width: 1024px) 100vw, 1024px\" \/><\/figure>\n","protected":false},"excerpt":{"rendered":"<p>Juan Arcos Xalapa, Ver.- Un trailero muri\u00f3 y otras dos personas resultaron heridas tras la volcadura de una unidad de carga pesada sobre la carretera Xalapa-Perote. Los hechos ocurrieron alrededor de las 10:30 de la ma\u00f1ana de este mi\u00e9rcoles 2 de febrero, a la altura de la localidad El Fresno, municipio de Tlacolulan, donde la [&hellip;]<\/p>\n","protected":false},"author":1,"featured_media":23059,"comment_status":"open","ping_status":"open","sticky":false,"template":"","format":"standard","meta":{"_jetpack_memberships_contains_paid_content":false,"footnotes":""},"categories":[8],"tags":[],"class_list":["post-23061","post","type-post","status-publish","format-standard","has-post-thumbnail","hentry","category-region"],"jetpack_featured_media_url":"https:\/\/encuentroinformativo.com.mx\/wp-content\/uploads\/2022\/02\/374CE953-F384-4C3A-B565-2EB1B7558BC6.jpeg","jetpack_sharing_enabled":true,"jetpack_likes_enabled":true,"amp_enabled":true,"_links":{"self":[{"href":"https:\/\/encuentroinformativo.com.mx\/index.php?rest_route=\/wp\/v2\/posts\/23061","targetHints":{"allow":["GET"]}}],"collection":[{"href":"https:\/\/encuentroinformativo.com.mx\/index.php?rest_route=\/wp\/v2\/posts"}],"about":[{"href":"https:\/\/encuentroinformativo.com.mx\/index.php?rest_route=\/wp\/v2\/types\/post"}],"author":[{"embeddable":true,"href":"https:\/\/encuentroinformativo.com.mx\/index.php?rest_route=\/wp\/v2\/users\/1"}],"replies":[{"embeddable":true,"href":"https:\/\/encuentroinformativo.com.mx\/index.php?rest_route=%2Fwp%2Fv2%2Fcomments&post=23061"}],"version-history":[{"count":1,"href":"https:\/\/encuentroinformativo.com.mx\/index.php?rest_route=\/wp\/v2\/posts\/23061\/revisions"}],"predecessor-version":[{"id":23062,"href":"https:\/\/encuentroinformativo.com.mx\/index.php?rest_route=\/wp\/v2\/posts\/23061\/revisions\/23062"}],"wp:featuredmedia":[{"embeddable":true,"href":"https:\/\/encuentroinformativo.com.mx\/index.php?rest_route=\/wp\/v2\/media\/23059"}],"wp:attachment":[{"href":"https:\/\/encuentroinformativo.com.mx\/index.php?rest_route=%2Fwp%2Fv2%2Fmedia&parent=23061"}],"wp:term":[{"taxonomy":"category","embeddable":true,"href":"https:\/\/encuentroinformativo.com.mx\/index.php?rest_route=%2Fwp%2Fv2%2Fcategories&post=23061"},{"taxonomy":"post_tag","embeddable":true,"href":"https:\/\/encuentroinformativo.com.mx\/index.php?rest_route=%2Fwp%2Fv2%2Ftags&post=23061"}],"curies":[{"name":"wp","href":"https:\/\/api.w.org\/{rel}","templated":true}]}}