{"id":23063,"date":"2022-02-02T15:06:27","date_gmt":"2022-02-02T21:06:27","guid":{"rendered":"https:\/\/encuentroinformativo.com.mx\/?p=23063"},"modified":"2022-02-02T15:06:31","modified_gmt":"2022-02-02T21:06:31","slug":"8-lesionados-deja-choque-de-autobuses-de-pasaje","status":"publish","type":"post","link":"https:\/\/encuentroinformativo.com.mx\/?p=23063","title":{"rendered":"8 lesionados, deja choque de autobuses de pasaje"},"content":{"rendered":"\n<p><strong>Dar\u00edo Pale <\/strong><\/p>\n\n\n\n<p>Xalapa, Ver.- Varias personas resultaron leonadas al registrarse un accidente entre dos autobuses del servicio p\u00fablico uno de la l\u00ednea Interbus y el otro de la l\u00ednea ATAZ en la avenida L\u00e1zaro C\u00e1rdenas de Veracruz a Xalapa casi frente a la estancia Garnica.<\/p>\n\n\n\n<p>Seg\u00fan los primeros reportes el percance se registr\u00f3 debido a que el autob\u00fas de la l\u00ednea Interbus al incorporarse a su carril no se percat\u00f3 que la unidad de la l\u00ednea ATAZ ven\u00eda circulando por lo que impact\u00f3 del lado derecho a la unidad que se ven\u00eda incorporando a su carril.<\/p>\n\n\n\n<p>En dicho accidente resultaron varias personas lesionadas entre ellas Mar\u00eda Ang\u00e9lica Jim\u00e9nez Ortega de 46 a\u00f1os, Cecilia Ru\u00edz Melchor de 25, Mario Mart\u00ednez Gonz\u00e1lez de 28, a borde de las unidades panteras, Gacelas y Cruz \u00c1mbar, se dice que otras personas resultaron lesionadas pero se trasladaron por sus medios y otras no fue necesario llevarlas a un hospital.<\/p>\n\n\n\n<p>Finalmente cabe se\u00f1alar que la circulaci\u00f3n en la carretera Xalapa-Veracruz, no est\u00e1 cerrada, est\u00e1n permitiendo el paso por uno de los carriles, aunque en el carril contrario tambi\u00e9n, con direcci\u00f3n a Veracruz, se ve complicada la circulaci\u00f3n, debido a que se estacionaron ambulancias para atender a los lesionados.<\/p>\n\n\n\n<figure class=\"wp-block-image size-large\"><img loading=\"lazy\" decoding=\"async\" width=\"1024\" height=\"484\" src=\"https:\/\/encuentroinformativo.com.mx\/wp-content\/uploads\/2022\/02\/98657801-B953-4D96-8CCA-FE0D4993B56D-1024x484.jpeg\" alt=\"\" class=\"wp-image-23065\" srcset=\"https:\/\/encuentroinformativo.com.mx\/wp-content\/uploads\/2022\/02\/98657801-B953-4D96-8CCA-FE0D4993B56D-1024x484.jpeg 1024w, https:\/\/encuentroinformativo.com.mx\/wp-content\/uploads\/2022\/02\/98657801-B953-4D96-8CCA-FE0D4993B56D-300x142.jpeg 300w, https:\/\/encuentroinformativo.com.mx\/wp-content\/uploads\/2022\/02\/98657801-B953-4D96-8CCA-FE0D4993B56D-768x363.jpeg 768w, https:\/\/encuentroinformativo.com.mx\/wp-content\/uploads\/2022\/02\/98657801-B953-4D96-8CCA-FE0D4993B56D.jpeg 1040w\" sizes=\"auto, (max-width: 1024px) 100vw, 1024px\" \/><\/figure>\n\n\n\n<figure class=\"wp-block-image size-large\"><img loading=\"lazy\" decoding=\"async\" width=\"1024\" height=\"484\" src=\"https:\/\/encuentroinformativo.com.mx\/wp-content\/uploads\/2022\/02\/BBDB52D2-998B-4AEC-9F59-1A05B68C15DE-1024x484.jpeg\" alt=\"\" class=\"wp-image-23066\" srcset=\"https:\/\/encuentroinformativo.com.mx\/wp-content\/uploads\/2022\/02\/BBDB52D2-998B-4AEC-9F59-1A05B68C15DE-1024x484.jpeg 1024w, https:\/\/encuentroinformativo.com.mx\/wp-content\/uploads\/2022\/02\/BBDB52D2-998B-4AEC-9F59-1A05B68C15DE-300x142.jpeg 300w, https:\/\/encuentroinformativo.com.mx\/wp-content\/uploads\/2022\/02\/BBDB52D2-998B-4AEC-9F59-1A05B68C15DE-768x363.jpeg 768w, https:\/\/encuentroinformativo.com.mx\/wp-content\/uploads\/2022\/02\/BBDB52D2-998B-4AEC-9F59-1A05B68C15DE.jpeg 1040w\" sizes=\"auto, (max-width: 1024px) 100vw, 1024px\" \/><\/figure>\n","protected":false},"excerpt":{"rendered":"<p>Dar\u00edo Pale Xalapa, Ver.- Varias personas resultaron leonadas al registrarse un accidente entre dos autobuses del servicio p\u00fablico uno de la l\u00ednea Interbus y el otro de la l\u00ednea ATAZ en la avenida L\u00e1zaro C\u00e1rdenas de Veracruz a Xalapa casi frente a la estancia Garnica. Seg\u00fan los primeros reportes el percance se registr\u00f3 debido a [&hellip;]<\/p>\n","protected":false},"author":1,"featured_media":23064,"comment_status":"open","ping_status":"open","sticky":false,"template":"","format":"standard","meta":{"_jetpack_memberships_contains_paid_content":false,"footnotes":""},"categories":[3],"tags":[],"class_list":["post-23063","post","type-post","status-publish","format-standard","has-post-thumbnail","hentry","category-xalapa"],"jetpack_featured_media_url":"https:\/\/encuentroinformativo.com.mx\/wp-content\/uploads\/2022\/02\/36C301AE-EA73-4537-B0FC-6AFB865CBA20.jpeg","jetpack_sharing_enabled":true,"jetpack_likes_enabled":true,"amp_enabled":true,"_links":{"self":[{"href":"https:\/\/encuentroinformativo.com.mx\/index.php?rest_route=\/wp\/v2\/posts\/23063","targetHints":{"allow":["GET"]}}],"collection":[{"href":"https:\/\/encuentroinformativo.com.mx\/index.php?rest_route=\/wp\/v2\/posts"}],"about":[{"href":"https:\/\/encuentroinformativo.com.mx\/index.php?rest_route=\/wp\/v2\/types\/post"}],"author":[{"embeddable":true,"href":"https:\/\/encuentroinformativo.com.mx\/index.php?rest_route=\/wp\/v2\/users\/1"}],"replies":[{"embeddable":true,"href":"https:\/\/encuentroinformativo.com.mx\/index.php?rest_route=%2Fwp%2Fv2%2Fcomments&post=23063"}],"version-history":[{"count":1,"href":"https:\/\/encuentroinformativo.com.mx\/index.php?rest_route=\/wp\/v2\/posts\/23063\/revisions"}],"predecessor-version":[{"id":23067,"href":"https:\/\/encuentroinformativo.com.mx\/index.php?rest_route=\/wp\/v2\/posts\/23063\/revisions\/23067"}],"wp:featuredmedia":[{"embeddable":true,"href":"https:\/\/encuentroinformativo.com.mx\/index.php?rest_route=\/wp\/v2\/media\/23064"}],"wp:attachment":[{"href":"https:\/\/encuentroinformativo.com.mx\/index.php?rest_route=%2Fwp%2Fv2%2Fmedia&parent=23063"}],"wp:term":[{"taxonomy":"category","embeddable":true,"href":"https:\/\/encuentroinformativo.com.mx\/index.php?rest_route=%2Fwp%2Fv2%2Fcategories&post=23063"},{"taxonomy":"post_tag","embeddable":true,"href":"https:\/\/encuentroinformativo.com.mx\/index.php?rest_route=%2Fwp%2Fv2%2Ftags&post=23063"}],"curies":[{"name":"wp","href":"https:\/\/api.w.org\/{rel}","templated":true}]}}