{"id":2307,"date":"2020-05-03T22:59:09","date_gmt":"2020-05-04T03:59:09","guid":{"rendered":"https:\/\/encuentroinformativo.com\/?p=2307"},"modified":"2020-05-03T22:59:11","modified_gmt":"2020-05-04T03:59:11","slug":"cuija-en-tierra-de-ciegos-el-tuerto-es-el-rey","status":"publish","type":"post","link":"https:\/\/encuentroinformativo.com.mx\/?p=2307","title":{"rendered":"CUIJA: EN TIERRA DE CIEGOS, EL TUERTO ES EL REY"},"content":{"rendered":"\n<p><br> @pablojair<\/p>\n\n\n\n<ul class=\"wp-block-list\"><li>Casa Veracruz tiene rato que es la UPAV.<\/li><li>Apoyemos a Las Patronas; su fundadora est\u00e1 enfermita.<\/li><li>FGR confirma lo publicado en ColumnaSinNombre.<\/li><\/ul>\n\n\n\n<p>Que la hayan pasado chido este 3 de mayo, ojal\u00e1 no se hayan infectado en sus celebraciones.<br>\n&#8211;Chopenjawer aguafiestas.<\/p>\n\n\n\n<p>No cabe duda que desde que asesinaron a Cirilo V\u00e1zquez Lagunes el 19 de noviembre de 2006, la lucha por el poder en la regi\u00f3n de Acayucan ha seguido cobrando sangre y p\u00f3lvora. Una lucha entre grupos que hace algunos a\u00f1os eran amigos y se conocen bien entre s\u00ed porque llegaron a trabajar para el mismo patr\u00f3n: Cirilo.<\/p>\n\n\n\n<p>Es el caso de Ra\u00fal &#8220;N&#8221; (a) &#8220;La Cuija&#8221; o &#8220;El 30&#8221;, a quien lo ubican en el pasado tambi\u00e9n merodeando entre la gente que ten\u00eda V\u00e1zquez Lagunes a su servicio. Incluso, comentan que Ra\u00fal y el medio hermano de Cirilo, Erasmo V\u00e1zquez Gonz\u00e1lez, hoy l\u00edder de &#8220;autodefensas&#8221;, llegaron a ser amigos y a conocerse.<\/p>\n\n\n\n<p>A &#8220;La Cuija&#8221; o &#8220;El 30&#8221;, como se recordar\u00e1, se le detuvo el pasado 29 de abril, en la comunidad Otilpan, perteneciente a San Andr\u00e9s Tlalnehuayocan, se\u00f1alado de ser presunto jefe de plaza de la zona sur para el CJNG.<\/p>\n\n\n\n<p>Hay versiones de que Ra\u00fal podr\u00eda decir: &#8220;S\u00ed, yo me com\u00ed esas tunas, pero el que me ense\u00f1\u00f3 el nopal fue Erasmo&#8221;.<\/p>\n\n\n\n<p>Esta lucha por el poder en esa regi\u00f3n sigue porque varios actores siguen queriendo ponerse las botas de Cirilo, como \u00e9ste aspir\u00f3 a ponerse las de Amadeo Gonz\u00e1lez Caballero, el gran cacique del sur que domin\u00f3 desde Alvarado hasta Las Choapas, en los a\u00f1os 60.<\/p>\n\n\n\n<p>No obstante, quienes conocieron a V\u00e1zquez Lagunes saben que siempre aspir\u00f3 a tener control pol\u00edtico pero jam\u00e1s se meti\u00f3 al narcotr\u00e1fico, lo que s\u00ed ocurri\u00f3 con algunos de sus contempor\u00e1neos.<\/p>\n\n\n\n<p>Uno de los bastiones fuertes de Cirilo &#8211;en la plenitud del poder&#8211; era precisamente Sayula de Alem\u00e1n; incluso cuando se da la divisi\u00f3n con el Grupo Carranza (todav\u00eda activo, liderado por el ex alcalde de Jes\u00fas Carranza, Gilberto Guill\u00e9n Serrano), Cirilo se mantuvo como el hombre fuerte de la zona por controlar una de las asociaciones ganaderas m\u00e1s fuertes del estado: la de Sayula.<\/p>\n\n\n\n<p>De hecho, el poder de Cirilo ven\u00eda de las asociaciones ganaderas y tesorer\u00edas de ayuntamientos que pudo controlar. Dato cultural: las m\u00e1s tres fuertes asociaciones ganaderas en Veracruz son la de San Jos\u00e9 del Carmen, en Las Choapas; la de San Juan Evangelista y la de Sayula.<\/p>\n\n\n\n<p>Sayula vendr\u00eda siendo la asociaci\u00f3n ganadera &#8220;rebelde&#8221; que est\u00e1 fuera del control de la poderosa Uni\u00f3n Ganadera Regional del Sur de Veracruz, presidida por el guerrerense Jacob Abel Velasco Casarrubias, que se supone deber\u00eda aglutinar a todas las asociaciones. Ahora est\u00e1n declarados como ac\u00e9rrimos enemigos.<\/p>\n\n\n\n<p>Algo pas\u00f3, pero desde el crecimiento del narco a finales del Alemanismo y consolidada en el Fidelismo, mucha gente que s\u00f3lo se dedicaba a ser malandro de baja ralea se engolosinaron en las historias del falso glamour de la vida del crimen organizado\u2026 y ah\u00ed se fueron a incriminar. Los menos, prefirieron no involucrarse y se alejaron de la vida delictiva, incluso pistoleros y matones.<\/p>\n\n\n\n<p>Los que eran l\u00edderes sociales, de transportistas, ca\u00f1eros, ganaderos, etc., terminaron por engrosar las filas de la delincuencia organizada, quiz\u00e1s obligados o quiz\u00e1s porque no pretend\u00edan abandonar el estilo de vida que deja el poder y el dinero a carretonadas.<\/p>\n\n\n\n<p>Pero antes de que el narcotr\u00e1fico contaminara todo eso, las estrategias iban m\u00e1s de la mano con los partidos pol\u00edticos: por ejemplo, una vez que Cirilo consolid\u00f3 nuevamente su poder durante en el Alemanismo, el \u00faltimo dirigente priista de la Ganadera en Sayula de Alem\u00e1n fue Ciriaco Lara. De ah\u00ed, en adelante, pura gente de Cirilo entre panistas y perredistas, partidos con los que V\u00e1zquez Lagunes ya negociaba para hacer candidatos.<\/p>\n\n\n\n<p>Es curioso, pero ahora es el Grupo Carranza (que durante muchos a\u00f1os apoy\u00f3 al PRI) el que ahora apoy\u00f3 abiertamente al PAN y al PRD tanto a la gubernatura como a la Presidencia de la Rep\u00fablica, pero les fall\u00f3 la estrategia.<\/p>\n\n\n\n<p>Entre todo este entramado, el que tambi\u00e9n quiere ser cacique del sur es el alcalde de Sayula, Fredy Ayala Gonz\u00e1lez, pero quienes lo conocen saben que es un pol\u00edtico desorganizado e indisciplinado, adem\u00e1s de que mantiene una fuerte disputa con la familia Condado Nagasaki, quienes controlan el distrito de Acayucan. Con este conflicto, tambi\u00e9n aparentemente se debilita el PRD, porque ambos grupos quieren ahora fraternizar con Morena, aunque en la c\u00fapula de este partido saben de la cercan\u00eda de estos perredistas con el exgobernador Miguel \u00c1ngel Yunes Linares, uno de los principales detractores y cr\u00edticos de L\u00f3pez Obrador.<\/p>\n\n\n\n<p>En el caso del &#8220;Cuija&#8221;, se sabe que era de esos actores invisibles que permanec\u00eda fuera del radar (hasta que lo exhibieron sus antiguos amigos), operativo al 100% como polic\u00eda\/hombre de sistema, quien mov\u00eda hilos de ganaderas y se convirti\u00f3 en dirigente de los camioneros de obras.<\/p>\n\n\n\n<p>En poco tiempo &#8211;teniendo en cuenta que no hay cacique, y en tierra de ciegos, el tuerto es rey&#8211; Ra\u00fal se hizo un actor relevante en ese mundo de pistolas, poder pol\u00edtico, dinero, narco, etc.<\/p>\n\n\n\n<p>Quien sale muy beneficiado con su detenci\u00f3n es precisamente Erasmo V\u00e1zquez, l\u00edder de las llamadas &#8220;autodefensas&#8221;, quienes adem\u00e1s le pusieron el dedo en mantas de caravanas a Ra\u00fal &#8220;N&#8221;. Hay incluso versiones de que la detenci\u00f3n de Ra\u00fal vendr\u00eda precisamente por recomendaci\u00f3n del Grupo Carranza, directa o indirectamente.<\/p>\n\n\n\n<p>Ojo: tampoco se trata de minimizar la detenci\u00f3n de un generador de violencia en la regi\u00f3n, pero hay que mencionar que la detenci\u00f3n de Ra\u00fal &#8220;N&#8221; fortalece al Grupo Carranza, liderado por Gil Guill\u00e9n y ahora por Erasmo V\u00e1zquez como el actor m\u00e1s visible. En ese sentido, pareciera que el gobierno hizo la chamba de quitarles a un peligroso adversario, quien tambi\u00e9n perdi\u00f3 el sigilo que antes lo distingu\u00eda cuando fue Polic\u00eda Ministerial.<\/p>\n\n\n\n<p>Lo dicho, engolosinarse con el poder, convertirse en l\u00edder de materialistas y transportistas en Sayula y tomar control de obras del Ayuntamiento, s\u00f3lo expuso al reflector a Ra\u00fal &#8220;N&#8221;.<\/p>\n\n\n\n<p>Por lo pronto, este fin de semana se vio muy activa en el sur de Veracruz a la Secretar\u00eda de Seguridad P\u00fablica, a donde incluso lleg\u00f3 el secretario Hugo Guti\u00e9rrez; seg\u00fan el m\u00e1s reciente bolet\u00edn, tambi\u00e9n sobrevolaron la localidad Almagres, perteneciente a Sayula de Alem\u00e1n. <\/p>\n\n\n\n<p>Por cierto, \u00bfser\u00e1 que Fredy Ayala tambi\u00e9n ser\u00e1 investigado por el asesinato de un regidor? \u00bfSe unir\u00e1 al selecto club de alcaldes veracruzanos que tienen calaveritas de regidores es su haber como Basilio Picazo y Gaspar G\u00f3mez? Ya se ver\u00e1. <\/p>\n\n\n\n<p><strong>NOTA PARA PEGAR EN EL REFRI: <\/strong>\u00bfPor qu\u00e9 nadie le ha avisado a la diputada Mar\u00eda Josefina Gamboa que las instalaciones de Casa Veracruz tienen meses que est\u00e1n siendo ocupadas como oficinas de la Universidad Popular Aut\u00f3noma de Veracruz (UPAV)? No le hagan pasar verg\u00fcenzas as\u00ed, de veras\u2026 Y si realmente hay tanta preocupaci\u00f3n por parte del grupo que representa (los Yunes) mejor les sugiriera que abrieran el Foro Boca como centro alternativo para el tratamiento de pacientes, nom\u00e1s tienen que pedirle permiso a &#8220;Miguel Chiquito&#8221;, con eso de que se siente due\u00f1o del lugar y hasta de la sinf\u00f3nica.<\/p>\n\n\n\n<p><strong>OTRA NOTA: <\/strong>&#8220;Las Patronas&#8221; solicitan auxilio. Su fundadora, Do\u00f1a Leonila V\u00e1zquez, en d\u00edas pasados sufri\u00f3 una ca\u00edda que le oblig\u00f3 a someterse a una cirug\u00eda de urgencia. Tuvo una lesi\u00f3n de cadera de la cual sali\u00f3 favorablemente. Tres d\u00edas despu\u00e9s tuvo una reca\u00edda que la tiene hospitalizada\u2026 &#8220;Debido a la actual situaci\u00f3n sanitaria que mantiene el pa\u00eds con riesgo en personas mayores y por la urgencia que requer\u00eda de atenci\u00f3n en terapia intensiva, recurrimos a un sanatorio privado donde el tratamiento y atenci\u00f3n la tienen en recuperaci\u00f3n favorable, en la Ciudad de C\u00f3rdoba. Do\u00f1a Leonila, que muchos de ustedes conocen, sigue luchando por recuperar la salud y regresar con sus seres queridos; sus ca\u00f1ales y a su incansable labor en el comedor &#8216;La Esperanza del Migrante&#8217;, para seguir dando esperanza y acompa\u00f1amiento a los hermanos que contin\u00faan su camino. Para solventar estos gastos nos proponemos realizar una rifa. Esta rifa constar\u00e1 de 100 n\u00fameros foliados del 001 al 100, su costo ser\u00e1 de $250.00 y tendr\u00e1 tres premios. Para adquirir los boletos, les pedimos nos escriban a trav\u00e9s del La Patrona o al Twitter.com\/laspatronas_dh y al whatsApp: 5526773135 para apartar su n\u00famero; realicen el dep\u00f3sito a la tarjeta Banorte n\u00famero 4915 6630 3570 3314 a nombre de Leonila Vazquez Alv\u00edzar a m\u00e1s tardar en las siguientes 24 hrs. y nos manden una fotograf\u00eda de su dep\u00f3sito al correo laspatronas.coordinacion@gmail.com&#8221;\u2026 Apoyemos, banda.<\/p>\n\n\n\n<p><strong>LA \u00daLTIMA PORQUE FALTA HACER LA SPESHIAL EDISHION: L<\/strong>a Fiscal\u00eda General de la Rep\u00fablica confirm\u00f3 lo informado en esta columna en su edici\u00f3n del 29 de abril: que en Cholula, Puebla fueron encontrados drones con explosivos militares C-4. Lo anterior pudiera &#8220;constituir el delito de delincuencia organizada con la finalidad de cometer terrorismo&#8221;, expresa el comunicado con fecha de 3 de mayo.<br><\/p>\n\n\n\n<p><strong> @pablojair<\/strong><\/p>\n","protected":false},"excerpt":{"rendered":"<p>@pablojair Casa Veracruz tiene rato que es la UPAV. Apoyemos a Las Patronas; su fundadora est\u00e1 enfermita. FGR confirma lo publicado en ColumnaSinNombre. Que la hayan pasado chido este 3 de mayo, ojal\u00e1 no se hayan infectado en sus celebraciones. &#8211;Chopenjawer aguafiestas. No cabe duda que desde que asesinaron a Cirilo V\u00e1zquez Lagunes el 19 [&hellip;]<\/p>\n","protected":false},"author":1,"featured_media":488,"comment_status":"open","ping_status":"open","sticky":false,"template":"","format":"standard","meta":{"_jetpack_memberships_contains_paid_content":false,"footnotes":""},"categories":[11],"tags":[],"class_list":["post-2307","post","type-post","status-publish","format-standard","has-post-thumbnail","hentry","category-opinion"],"jetpack_featured_media_url":"https:\/\/encuentroinformativo.com.mx\/wp-content\/uploads\/2020\/03\/F471F608-BA1A-416B-BA7B-BCFB24F4E6D0.jpeg","jetpack_sharing_enabled":true,"jetpack_likes_enabled":true,"amp_enabled":true,"_links":{"self":[{"href":"https:\/\/encuentroinformativo.com.mx\/index.php?rest_route=\/wp\/v2\/posts\/2307","targetHints":{"allow":["GET"]}}],"collection":[{"href":"https:\/\/encuentroinformativo.com.mx\/index.php?rest_route=\/wp\/v2\/posts"}],"about":[{"href":"https:\/\/encuentroinformativo.com.mx\/index.php?rest_route=\/wp\/v2\/types\/post"}],"author":[{"embeddable":true,"href":"https:\/\/encuentroinformativo.com.mx\/index.php?rest_route=\/wp\/v2\/users\/1"}],"replies":[{"embeddable":true,"href":"https:\/\/encuentroinformativo.com.mx\/index.php?rest_route=%2Fwp%2Fv2%2Fcomments&post=2307"}],"version-history":[{"count":1,"href":"https:\/\/encuentroinformativo.com.mx\/index.php?rest_route=\/wp\/v2\/posts\/2307\/revisions"}],"predecessor-version":[{"id":2308,"href":"https:\/\/encuentroinformativo.com.mx\/index.php?rest_route=\/wp\/v2\/posts\/2307\/revisions\/2308"}],"wp:featuredmedia":[{"embeddable":true,"href":"https:\/\/encuentroinformativo.com.mx\/index.php?rest_route=\/wp\/v2\/media\/488"}],"wp:attachment":[{"href":"https:\/\/encuentroinformativo.com.mx\/index.php?rest_route=%2Fwp%2Fv2%2Fmedia&parent=2307"}],"wp:term":[{"taxonomy":"category","embeddable":true,"href":"https:\/\/encuentroinformativo.com.mx\/index.php?rest_route=%2Fwp%2Fv2%2Fcategories&post=2307"},{"taxonomy":"post_tag","embeddable":true,"href":"https:\/\/encuentroinformativo.com.mx\/index.php?rest_route=%2Fwp%2Fv2%2Ftags&post=2307"}],"curies":[{"name":"wp","href":"https:\/\/api.w.org\/{rel}","templated":true}]}}