{"id":23075,"date":"2022-02-02T19:28:22","date_gmt":"2022-02-03T01:28:22","guid":{"rendered":"https:\/\/encuentroinformativo.com.mx\/?p=23075"},"modified":"2022-02-02T19:28:26","modified_gmt":"2022-02-03T01:28:26","slug":"inicia-programa-permanente-de-bacheo-en-boca-del-rio","status":"publish","type":"post","link":"https:\/\/encuentroinformativo.com.mx\/?p=23075","title":{"rendered":"Inicia \u201cPrograma Permanente de Bacheo\u201d en Boca del R\u00edo"},"content":{"rendered":"\n<p><strong>*Dar\u00e1 prioridad a las calles de las colonias que presentan mayor deterioro y que requieren ser atendidas de manera urgente.<\/strong><\/p>\n\n\n\n<p>Boca del R\u00edo, Ver.- Durante en banderazo de inicio del \u201cPrograma Permanente de Bacheo\u201d en la colonia Carranza, el alcalde Juan Manuel Unanue Abascal manifest\u00f3 que dar\u00e1 prioridad a las calles de las colonias de Boca del R\u00edo que presentan mayores afectaciones y garantiz\u00f3 que en este primer a\u00f1o toda la ciudad quedar\u00e1 libre de baches.<\/p>\n\n\n\n<p>Inform\u00f3 que a trav\u00e9s de la Direcci\u00f3n de Planeaci\u00f3n Urbana y Obras P\u00fablicas se levant\u00f3 un censo en las calles y avenidas principales, identificando las arterias m\u00e1s desgastadas, mismas que ser\u00e1n atendidas de manera urgente y se continuar\u00e1 con el programa en el resto de la ciudad.<\/p>\n\n\n\n<p>Dio a conocer que en esta primera etapa se utilizar\u00e1n aproximadamente 14 mil metros cuadrados de mezcla asf\u00e1ltica.<\/p>\n\n\n\n<p>Unanue dijo que con el inicio de este programa, cumple con uno de los compromisos que hizo como candidato y que refrend\u00f3 el d\u00eda que tom\u00f3 protesta como presidente Municipal.<\/p>\n\n\n\n<p>\u201cComenzamos a dar soluci\u00f3n a una demanda de los boque\u00f1os; desde campa\u00f1a fue recurrente el se\u00f1alamiento de que las calles necesitaban mantenimiento\u201d, coment\u00f3.<\/p>\n\n\n\n<p>Por \u00faltimo, el alcalde Juan Manuel Unanue destac\u00f3 que desde el primer d\u00eda su gobierno trabaja fuertemente mejorando los espacios p\u00fablicos, andadores, calles, avenidas y bulevares para que los boque\u00f1os vuelvan a tener una ciudad de primer nivel, con calles libres de baches, limpias y se\u00f1alizadas.<\/p>\n\n\n\n<p>\u201cHicimos el compromiso de consolidar a Boca del R\u00edo como lo mejor de Veracruz, y eso implica contribuir a que todas las familias boque\u00f1as sean m\u00e1s felices y vivan en armon\u00eda\u201d.<\/p>\n","protected":false},"excerpt":{"rendered":"<p>*Dar\u00e1 prioridad a las calles de las colonias que presentan mayor deterioro y que requieren ser atendidas de manera urgente. Boca del R\u00edo, Ver.- Durante en banderazo de inicio del \u201cPrograma Permanente de Bacheo\u201d en la colonia Carranza, el alcalde Juan Manuel Unanue Abascal manifest\u00f3 que dar\u00e1 prioridad a las calles de las colonias de [&hellip;]<\/p>\n","protected":false},"author":1,"featured_media":23076,"comment_status":"open","ping_status":"open","sticky":false,"template":"","format":"standard","meta":{"_jetpack_memberships_contains_paid_content":false,"footnotes":""},"categories":[2],"tags":[],"class_list":["post-23075","post","type-post","status-publish","format-standard","has-post-thumbnail","hentry","category-estado"],"jetpack_featured_media_url":"https:\/\/encuentroinformativo.com.mx\/wp-content\/uploads\/2022\/02\/FD5A7700-A74C-472B-B07C-7423C0A80903.jpeg","jetpack_sharing_enabled":true,"jetpack_likes_enabled":true,"amp_enabled":true,"_links":{"self":[{"href":"https:\/\/encuentroinformativo.com.mx\/index.php?rest_route=\/wp\/v2\/posts\/23075","targetHints":{"allow":["GET"]}}],"collection":[{"href":"https:\/\/encuentroinformativo.com.mx\/index.php?rest_route=\/wp\/v2\/posts"}],"about":[{"href":"https:\/\/encuentroinformativo.com.mx\/index.php?rest_route=\/wp\/v2\/types\/post"}],"author":[{"embeddable":true,"href":"https:\/\/encuentroinformativo.com.mx\/index.php?rest_route=\/wp\/v2\/users\/1"}],"replies":[{"embeddable":true,"href":"https:\/\/encuentroinformativo.com.mx\/index.php?rest_route=%2Fwp%2Fv2%2Fcomments&post=23075"}],"version-history":[{"count":1,"href":"https:\/\/encuentroinformativo.com.mx\/index.php?rest_route=\/wp\/v2\/posts\/23075\/revisions"}],"predecessor-version":[{"id":23077,"href":"https:\/\/encuentroinformativo.com.mx\/index.php?rest_route=\/wp\/v2\/posts\/23075\/revisions\/23077"}],"wp:featuredmedia":[{"embeddable":true,"href":"https:\/\/encuentroinformativo.com.mx\/index.php?rest_route=\/wp\/v2\/media\/23076"}],"wp:attachment":[{"href":"https:\/\/encuentroinformativo.com.mx\/index.php?rest_route=%2Fwp%2Fv2%2Fmedia&parent=23075"}],"wp:term":[{"taxonomy":"category","embeddable":true,"href":"https:\/\/encuentroinformativo.com.mx\/index.php?rest_route=%2Fwp%2Fv2%2Fcategories&post=23075"},{"taxonomy":"post_tag","embeddable":true,"href":"https:\/\/encuentroinformativo.com.mx\/index.php?rest_route=%2Fwp%2Fv2%2Ftags&post=23075"}],"curies":[{"name":"wp","href":"https:\/\/api.w.org\/{rel}","templated":true}]}}