{"id":23078,"date":"2022-02-02T21:14:05","date_gmt":"2022-02-03T03:14:05","guid":{"rendered":"https:\/\/encuentroinformativo.com.mx\/?p=23078"},"modified":"2022-02-02T21:14:11","modified_gmt":"2022-02-03T03:14:11","slug":"trabajaran-ayuntamiento-y-colegio-de-arquitectos-por-el-desarrollo-de-xalapa","status":"publish","type":"post","link":"https:\/\/encuentroinformativo.com.mx\/?p=23078","title":{"rendered":"Trabajar\u00e1n Ayuntamiento y Colegio de Arquitectos por el desarrollo de Xalapa"},"content":{"rendered":"\n<p>Xalapa, Ver.- Para el Ayuntamiento es primordial establecer una alianza con grupos organizados y profesionales como el Colegio de Arquitectos del Estado de Veracruz, ya que ello permitir\u00e1 que en Xalapa se hagan obras de calidad y mejoren las condiciones de vida de la gente, afirm\u00f3 el presidente municipal Ricardo Ahued Bardahuil.<\/p>\n\n\n\n<p>Durante una reuni\u00f3n de trabajo que sostuvo con integrantes de la asociaci\u00f3n civil con el fin de conocer diversas propuestas en materia de movilidad, cultura, rescate de espacios p\u00fablicos y abasto de agua, el Edil asegur\u00f3 que se revisar\u00e1n los proyectos presentados para analizar su factibilidad.<\/p>\n\n\n\n<p>Adem\u00e1s expuso que las obras que sean realizadas por el Ayuntamiento se someter\u00e1n a la opini\u00f3n de los integrantes del Colegio para que se garantice que se hacen de la forma correcta y que generar\u00e1n el mayor beneficio social.<\/p>\n\n\n\n<p>Detall\u00f3 que gracias a la pol\u00edtica de austeridad y eliminaci\u00f3n de gastos superfluos que se aplica desde el inicio de la administraci\u00f3n, este a\u00f1o se sentar\u00e1n las bases para el desarrollo del municipio y se crear\u00e1 un fondo que permita financiar proyectos ejecutivos de obras hidr\u00e1ulicas, sanitarias y de infraestructura que requiere la ciudad.<\/p>\n\n\n\n<p>Asistieron la regidora Helen Sarmiento Ja\u00e9n, el regidor Antonio Ballesteros Grayeb; los directores de Desarrollo Urbano, Jos\u00e9 Miguel Torres Ch\u00e1zaro, y de Obras P\u00fablicas, Guillermo \u00c1vila Devezze.<\/p>\n\n\n\n<p>Tambi\u00e9n el director de Protecci\u00f3n Civil, Luis Sardi\u00f1a Salgado y la encargada del \u00e1rea de Cultura, Karla Montano Rocher.<\/p>\n","protected":false},"excerpt":{"rendered":"<p>Xalapa, Ver.- Para el Ayuntamiento es primordial establecer una alianza con grupos organizados y profesionales como el Colegio de Arquitectos del Estado de Veracruz, ya que ello permitir\u00e1 que en Xalapa se hagan obras de calidad y mejoren las condiciones de vida de la gente, afirm\u00f3 el presidente municipal Ricardo Ahued Bardahuil. Durante una reuni\u00f3n [&hellip;]<\/p>\n","protected":false},"author":1,"featured_media":23079,"comment_status":"open","ping_status":"open","sticky":false,"template":"","format":"standard","meta":{"_jetpack_memberships_contains_paid_content":false,"footnotes":""},"categories":[3],"tags":[],"class_list":["post-23078","post","type-post","status-publish","format-standard","has-post-thumbnail","hentry","category-xalapa"],"jetpack_featured_media_url":"https:\/\/encuentroinformativo.com.mx\/wp-content\/uploads\/2022\/02\/07CA8723-77EB-4FDF-B816-575518CBC432.jpeg","jetpack_sharing_enabled":true,"jetpack_likes_enabled":true,"amp_enabled":true,"_links":{"self":[{"href":"https:\/\/encuentroinformativo.com.mx\/index.php?rest_route=\/wp\/v2\/posts\/23078","targetHints":{"allow":["GET"]}}],"collection":[{"href":"https:\/\/encuentroinformativo.com.mx\/index.php?rest_route=\/wp\/v2\/posts"}],"about":[{"href":"https:\/\/encuentroinformativo.com.mx\/index.php?rest_route=\/wp\/v2\/types\/post"}],"author":[{"embeddable":true,"href":"https:\/\/encuentroinformativo.com.mx\/index.php?rest_route=\/wp\/v2\/users\/1"}],"replies":[{"embeddable":true,"href":"https:\/\/encuentroinformativo.com.mx\/index.php?rest_route=%2Fwp%2Fv2%2Fcomments&post=23078"}],"version-history":[{"count":1,"href":"https:\/\/encuentroinformativo.com.mx\/index.php?rest_route=\/wp\/v2\/posts\/23078\/revisions"}],"predecessor-version":[{"id":23080,"href":"https:\/\/encuentroinformativo.com.mx\/index.php?rest_route=\/wp\/v2\/posts\/23078\/revisions\/23080"}],"wp:featuredmedia":[{"embeddable":true,"href":"https:\/\/encuentroinformativo.com.mx\/index.php?rest_route=\/wp\/v2\/media\/23079"}],"wp:attachment":[{"href":"https:\/\/encuentroinformativo.com.mx\/index.php?rest_route=%2Fwp%2Fv2%2Fmedia&parent=23078"}],"wp:term":[{"taxonomy":"category","embeddable":true,"href":"https:\/\/encuentroinformativo.com.mx\/index.php?rest_route=%2Fwp%2Fv2%2Fcategories&post=23078"},{"taxonomy":"post_tag","embeddable":true,"href":"https:\/\/encuentroinformativo.com.mx\/index.php?rest_route=%2Fwp%2Fv2%2Ftags&post=23078"}],"curies":[{"name":"wp","href":"https:\/\/api.w.org\/{rel}","templated":true}]}}