{"id":23095,"date":"2022-02-03T10:12:53","date_gmt":"2022-02-03T16:12:53","guid":{"rendered":"https:\/\/encuentroinformativo.com.mx\/?p=23095"},"modified":"2022-02-03T10:12:55","modified_gmt":"2022-02-03T16:12:55","slug":"reclaman-docentes-pagos-pendientes-en-la-sev","status":"publish","type":"post","link":"https:\/\/encuentroinformativo.com.mx\/?p=23095","title":{"rendered":"Reclaman docentes pagos pendientes en la SEV"},"content":{"rendered":"\n<p><strong>Juan Arcos<\/strong> <\/p>\n\n\n\n<p>Xalapa, Ver.- Un peque\u00f1o grupo de docentes protest\u00f3 afuera de las oficinas centrales de la Secretar\u00eda de Educaci\u00f3n de Veracruz (SEV) para exigir que sean liberados los pagos del Fondo de Aportaciones para la N\u00f3mina Educativa y Gasto Operativo (FONE), pendientes desde octubre pasado.<\/p>\n\n\n\n<p>De acuerdo con, Fernanda Rodr\u00edguez, docente de educaci\u00f3n b\u00e1sica, los pagos del FONE se realizan a docentes del sistema federal, a quienes, sin motivo aparente, dejaron de depositarles.<\/p>\n\n\n\n<p>\u201cEstamos esperando la aplicaci\u00f3n de los pagos pendientes y la validaci\u00f3n en tiempo y forma por parte del FONE, ya que desde octubre de 2021 no hemos recibido nuestros pagos\u201d, expres\u00f3.<\/p>\n\n\n\n<p>Los quejosos tambi\u00e9n demandaron la asignaci\u00f3n de plazas definitivas en los niveles preescolar, educaci\u00f3n b\u00e1sica y media superior.<\/p>\n\n\n\n<p>\u201cEstamos exigiendo que se agilice el llamado de plazas definitivas. Estamos exigiendo transparencia y actualizaci\u00f3n de la plataforma respecto a las vacantes definitivas. Hemos conocido que se han asignado plazas a personas que est\u00e1n en lugar de su prelaci\u00f3n m\u00e1s distante, y estamos exigiendo la transparencia en este proceso, queremos se asigne de acuerdo a nuestro orden de prelaci\u00f3n\u201d, a\u00f1adi\u00f3.<\/p>\n\n\n\n<p>La entrevistada pidi\u00f3 la intervenci\u00f3n de las autoridades educativas para evitar que haya inconsistencias en el proceso para la asignaci\u00f3n de los espacios docentes.<\/p>\n\n\n\n<p>Los inconformes dijeron que han entregado oficios las oficinas centrales de la SEV, pero solo les han respondido que es un proceso lento y que deben esperar.<\/p>\n\n\n\n<p>Sin embargo, los profesores indicaron que desde hace mucho tiempo presentaron examen en la Unidad del Sistema para la Carrera de las Maestras y los Maestros (USICAMM) y no han sido llamados ni para cubrir interinatos.<\/p>\n\n\n\n<figure class=\"wp-block-image size-large\"><img loading=\"lazy\" decoding=\"async\" width=\"1024\" height=\"768\" src=\"https:\/\/encuentroinformativo.com.mx\/wp-content\/uploads\/2022\/02\/77C208A8-EB49-4B29-A0ED-9BD14FB63A69-1024x768.jpeg\" alt=\"\" class=\"wp-image-23097\" srcset=\"https:\/\/encuentroinformativo.com.mx\/wp-content\/uploads\/2022\/02\/77C208A8-EB49-4B29-A0ED-9BD14FB63A69-1024x768.jpeg 1024w, https:\/\/encuentroinformativo.com.mx\/wp-content\/uploads\/2022\/02\/77C208A8-EB49-4B29-A0ED-9BD14FB63A69-300x225.jpeg 300w, https:\/\/encuentroinformativo.com.mx\/wp-content\/uploads\/2022\/02\/77C208A8-EB49-4B29-A0ED-9BD14FB63A69-768x576.jpeg 768w, https:\/\/encuentroinformativo.com.mx\/wp-content\/uploads\/2022\/02\/77C208A8-EB49-4B29-A0ED-9BD14FB63A69.jpeg 1200w\" sizes=\"auto, (max-width: 1024px) 100vw, 1024px\" \/><\/figure>\n","protected":false},"excerpt":{"rendered":"<p>Juan Arcos Xalapa, Ver.- Un peque\u00f1o grupo de docentes protest\u00f3 afuera de las oficinas centrales de la Secretar\u00eda de Educaci\u00f3n de Veracruz (SEV) para exigir que sean liberados los pagos del Fondo de Aportaciones para la N\u00f3mina Educativa y Gasto Operativo (FONE), pendientes desde octubre pasado. De acuerdo con, Fernanda Rodr\u00edguez, docente de educaci\u00f3n b\u00e1sica, [&hellip;]<\/p>\n","protected":false},"author":1,"featured_media":23096,"comment_status":"open","ping_status":"open","sticky":false,"template":"","format":"standard","meta":{"_jetpack_memberships_contains_paid_content":false,"footnotes":""},"categories":[3],"tags":[],"class_list":["post-23095","post","type-post","status-publish","format-standard","has-post-thumbnail","hentry","category-xalapa"],"jetpack_featured_media_url":"https:\/\/encuentroinformativo.com.mx\/wp-content\/uploads\/2022\/02\/196BBB0D-3D16-43A6-922E-ABB75F92F807.jpeg","jetpack_sharing_enabled":true,"jetpack_likes_enabled":true,"amp_enabled":true,"_links":{"self":[{"href":"https:\/\/encuentroinformativo.com.mx\/index.php?rest_route=\/wp\/v2\/posts\/23095","targetHints":{"allow":["GET"]}}],"collection":[{"href":"https:\/\/encuentroinformativo.com.mx\/index.php?rest_route=\/wp\/v2\/posts"}],"about":[{"href":"https:\/\/encuentroinformativo.com.mx\/index.php?rest_route=\/wp\/v2\/types\/post"}],"author":[{"embeddable":true,"href":"https:\/\/encuentroinformativo.com.mx\/index.php?rest_route=\/wp\/v2\/users\/1"}],"replies":[{"embeddable":true,"href":"https:\/\/encuentroinformativo.com.mx\/index.php?rest_route=%2Fwp%2Fv2%2Fcomments&post=23095"}],"version-history":[{"count":1,"href":"https:\/\/encuentroinformativo.com.mx\/index.php?rest_route=\/wp\/v2\/posts\/23095\/revisions"}],"predecessor-version":[{"id":23098,"href":"https:\/\/encuentroinformativo.com.mx\/index.php?rest_route=\/wp\/v2\/posts\/23095\/revisions\/23098"}],"wp:featuredmedia":[{"embeddable":true,"href":"https:\/\/encuentroinformativo.com.mx\/index.php?rest_route=\/wp\/v2\/media\/23096"}],"wp:attachment":[{"href":"https:\/\/encuentroinformativo.com.mx\/index.php?rest_route=%2Fwp%2Fv2%2Fmedia&parent=23095"}],"wp:term":[{"taxonomy":"category","embeddable":true,"href":"https:\/\/encuentroinformativo.com.mx\/index.php?rest_route=%2Fwp%2Fv2%2Fcategories&post=23095"},{"taxonomy":"post_tag","embeddable":true,"href":"https:\/\/encuentroinformativo.com.mx\/index.php?rest_route=%2Fwp%2Fv2%2Ftags&post=23095"}],"curies":[{"name":"wp","href":"https:\/\/api.w.org\/{rel}","templated":true}]}}