{"id":23099,"date":"2022-02-03T12:52:29","date_gmt":"2022-02-03T18:52:29","guid":{"rendered":"https:\/\/encuentroinformativo.com.mx\/?p=23099"},"modified":"2022-02-03T12:52:33","modified_gmt":"2022-02-03T18:52:33","slug":"reclaman-agilizar-investigaciones-por-joven-desaparecido-hace-12-anos","status":"publish","type":"post","link":"https:\/\/encuentroinformativo.com.mx\/?p=23099","title":{"rendered":"Reclaman agilizar investigaciones por joven desaparecido  hace 12 a\u00f1os"},"content":{"rendered":"\n<p><strong>Juan Arcos<\/strong><\/p>\n\n\n\n<p>Xalapa, Ver.- Mar\u00eda Magdalena Calte protest\u00f3 frente a Palacio de Gobierno para recordar a la Fiscal\u00eda General del Estado (FGE) que este 3 de febrero se cumplieron 12 a\u00f1os de la desaparici\u00f3n de su hijo Alfredo Tlaxcalteco Calte y hasta el momento no hay avances en las investigaciones.<\/p>\n\n\n\n<p>Estuvo acompa\u00f1ada de otros integrantes del Colectivo Buscando a Nuestros Desaparecidos y Desaparecidas Veracruz, quienes sostuvieron fotograf\u00edas del joven extraviado en Plaza Sebasti\u00e1n Lerdo de Tejada.<\/p>\n\n\n\n<p>La se\u00f1ora record\u00f3 que su hijo ten\u00eda 32 a\u00f1os cuando fue visto por \u00faltima vez entre la avenida Xalapa y la calle Tepic, en la colonia Progreso, a la diez de la noche. Antes hab\u00eda llevado a su hija, de 14 a\u00f1os, a un curso en la colonia Revoluci\u00f3n.<\/p>\n\n\n\n<p>La mujer denunci\u00f3, con un nudo en la garganta, que los casos de desaparecidos de larga data no est\u00e1n siendo investigados por las autoridades ministeriales.<\/p>\n\n\n\n<p>La semana pasada, le rumoraron que su hijo ya hab\u00eda sido encontrado muerto; sin embargo, a la fecha, no hay informaci\u00f3n oficial al respecto.<\/p>\n\n\n\n<p>Por tal motivo, exigi\u00f3 a las autoridades de la Fiscal\u00eda General del Estado que investigue y esclarezca el caso de su hijo.<\/p>\n\n\n\n<p>\u201cYo les he puesto a quienes tienen que investigar y no lo hacen, no s\u00e9 si tengan preferidos o haya algo de por medio. Los casos de larga data est\u00e1n olvidados, no hay avances\u201d.<\/p>\n\n\n\n<p>Las personas, algunas de ellas adultas mayores, pasaron m\u00e1s de una hora bajo el sol en Plaza Sebasti\u00e1n Lerdo de Tejada, sin ser atendidas por autoridades estatales.\u00a0<br><\/p>\n\n\n\n<figure class=\"wp-block-gallery columns-3 is-cropped wp-block-gallery-1 is-layout-flex wp-block-gallery-is-layout-flex\"><ul class=\"blocks-gallery-grid\"><li class=\"blocks-gallery-item\"><figure><img loading=\"lazy\" decoding=\"async\" width=\"1024\" height=\"683\" src=\"https:\/\/encuentroinformativo.com.mx\/wp-content\/uploads\/2022\/02\/CCC0F5CB-DE9B-46DF-97A5-D49DFF7B20E0-1024x683.jpeg\" alt=\"\" data-id=\"23101\" data-full-url=\"https:\/\/encuentroinformativo.com.mx\/wp-content\/uploads\/2022\/02\/CCC0F5CB-DE9B-46DF-97A5-D49DFF7B20E0-scaled.jpeg\" data-link=\"https:\/\/encuentroinformativo.com.mx\/?attachment_id=23101\" class=\"wp-image-23101\" srcset=\"https:\/\/encuentroinformativo.com.mx\/wp-content\/uploads\/2022\/02\/CCC0F5CB-DE9B-46DF-97A5-D49DFF7B20E0-1024x683.jpeg 1024w, https:\/\/encuentroinformativo.com.mx\/wp-content\/uploads\/2022\/02\/CCC0F5CB-DE9B-46DF-97A5-D49DFF7B20E0-300x200.jpeg 300w, https:\/\/encuentroinformativo.com.mx\/wp-content\/uploads\/2022\/02\/CCC0F5CB-DE9B-46DF-97A5-D49DFF7B20E0-768x512.jpeg 768w, https:\/\/encuentroinformativo.com.mx\/wp-content\/uploads\/2022\/02\/CCC0F5CB-DE9B-46DF-97A5-D49DFF7B20E0-1536x1024.jpeg 1536w, https:\/\/encuentroinformativo.com.mx\/wp-content\/uploads\/2022\/02\/CCC0F5CB-DE9B-46DF-97A5-D49DFF7B20E0-2048x1365.jpeg 2048w\" sizes=\"auto, (max-width: 1024px) 100vw, 1024px\" \/><\/figure><\/li><li class=\"blocks-gallery-item\"><figure><img loading=\"lazy\" decoding=\"async\" width=\"1024\" height=\"683\" src=\"https:\/\/encuentroinformativo.com.mx\/wp-content\/uploads\/2022\/02\/BC540925-693D-4A96-91A0-6A75A9E75503-1024x683.jpeg\" alt=\"\" data-id=\"23102\" data-full-url=\"https:\/\/encuentroinformativo.com.mx\/wp-content\/uploads\/2022\/02\/BC540925-693D-4A96-91A0-6A75A9E75503-scaled.jpeg\" data-link=\"https:\/\/encuentroinformativo.com.mx\/?attachment_id=23102\" class=\"wp-image-23102\" srcset=\"https:\/\/encuentroinformativo.com.mx\/wp-content\/uploads\/2022\/02\/BC540925-693D-4A96-91A0-6A75A9E75503-1024x683.jpeg 1024w, https:\/\/encuentroinformativo.com.mx\/wp-content\/uploads\/2022\/02\/BC540925-693D-4A96-91A0-6A75A9E75503-300x200.jpeg 300w, https:\/\/encuentroinformativo.com.mx\/wp-content\/uploads\/2022\/02\/BC540925-693D-4A96-91A0-6A75A9E75503-768x512.jpeg 768w, https:\/\/encuentroinformativo.com.mx\/wp-content\/uploads\/2022\/02\/BC540925-693D-4A96-91A0-6A75A9E75503-1536x1024.jpeg 1536w, https:\/\/encuentroinformativo.com.mx\/wp-content\/uploads\/2022\/02\/BC540925-693D-4A96-91A0-6A75A9E75503-2048x1365.jpeg 2048w\" sizes=\"auto, (max-width: 1024px) 100vw, 1024px\" \/><\/figure><\/li><li class=\"blocks-gallery-item\"><figure><img loading=\"lazy\" decoding=\"async\" width=\"1024\" height=\"683\" src=\"https:\/\/encuentroinformativo.com.mx\/wp-content\/uploads\/2022\/02\/3EB1D3D5-D93B-443F-BD9A-602B84EF2DF2-1024x683.jpeg\" alt=\"\" data-id=\"23103\" data-full-url=\"https:\/\/encuentroinformativo.com.mx\/wp-content\/uploads\/2022\/02\/3EB1D3D5-D93B-443F-BD9A-602B84EF2DF2-scaled.jpeg\" data-link=\"https:\/\/encuentroinformativo.com.mx\/?attachment_id=23103\" class=\"wp-image-23103\" srcset=\"https:\/\/encuentroinformativo.com.mx\/wp-content\/uploads\/2022\/02\/3EB1D3D5-D93B-443F-BD9A-602B84EF2DF2-1024x683.jpeg 1024w, https:\/\/encuentroinformativo.com.mx\/wp-content\/uploads\/2022\/02\/3EB1D3D5-D93B-443F-BD9A-602B84EF2DF2-300x200.jpeg 300w, https:\/\/encuentroinformativo.com.mx\/wp-content\/uploads\/2022\/02\/3EB1D3D5-D93B-443F-BD9A-602B84EF2DF2-768x512.jpeg 768w, https:\/\/encuentroinformativo.com.mx\/wp-content\/uploads\/2022\/02\/3EB1D3D5-D93B-443F-BD9A-602B84EF2DF2-1536x1024.jpeg 1536w, https:\/\/encuentroinformativo.com.mx\/wp-content\/uploads\/2022\/02\/3EB1D3D5-D93B-443F-BD9A-602B84EF2DF2-2048x1365.jpeg 2048w\" sizes=\"auto, (max-width: 1024px) 100vw, 1024px\" \/><\/figure><\/li><\/ul><\/figure>\n","protected":false},"excerpt":{"rendered":"<p>Juan Arcos Xalapa, Ver.- Mar\u00eda Magdalena Calte protest\u00f3 frente a Palacio de Gobierno para recordar a la Fiscal\u00eda General del Estado (FGE) que este 3 de febrero se cumplieron 12 a\u00f1os de la desaparici\u00f3n de su hijo Alfredo Tlaxcalteco Calte y hasta el momento no hay avances en las investigaciones. Estuvo acompa\u00f1ada de otros integrantes [&hellip;]<\/p>\n","protected":false},"author":1,"featured_media":23100,"comment_status":"open","ping_status":"open","sticky":false,"template":"","format":"standard","meta":{"_jetpack_memberships_contains_paid_content":false,"footnotes":""},"categories":[3],"tags":[],"class_list":["post-23099","post","type-post","status-publish","format-standard","has-post-thumbnail","hentry","category-xalapa"],"jetpack_featured_media_url":"https:\/\/encuentroinformativo.com.mx\/wp-content\/uploads\/2022\/02\/55327F4D-0BA0-4AC6-9596-2A49F4099516-scaled.jpeg","jetpack_sharing_enabled":true,"jetpack_likes_enabled":true,"amp_enabled":true,"_links":{"self":[{"href":"https:\/\/encuentroinformativo.com.mx\/index.php?rest_route=\/wp\/v2\/posts\/23099","targetHints":{"allow":["GET"]}}],"collection":[{"href":"https:\/\/encuentroinformativo.com.mx\/index.php?rest_route=\/wp\/v2\/posts"}],"about":[{"href":"https:\/\/encuentroinformativo.com.mx\/index.php?rest_route=\/wp\/v2\/types\/post"}],"author":[{"embeddable":true,"href":"https:\/\/encuentroinformativo.com.mx\/index.php?rest_route=\/wp\/v2\/users\/1"}],"replies":[{"embeddable":true,"href":"https:\/\/encuentroinformativo.com.mx\/index.php?rest_route=%2Fwp%2Fv2%2Fcomments&post=23099"}],"version-history":[{"count":1,"href":"https:\/\/encuentroinformativo.com.mx\/index.php?rest_route=\/wp\/v2\/posts\/23099\/revisions"}],"predecessor-version":[{"id":23104,"href":"https:\/\/encuentroinformativo.com.mx\/index.php?rest_route=\/wp\/v2\/posts\/23099\/revisions\/23104"}],"wp:featuredmedia":[{"embeddable":true,"href":"https:\/\/encuentroinformativo.com.mx\/index.php?rest_route=\/wp\/v2\/media\/23100"}],"wp:attachment":[{"href":"https:\/\/encuentroinformativo.com.mx\/index.php?rest_route=%2Fwp%2Fv2%2Fmedia&parent=23099"}],"wp:term":[{"taxonomy":"category","embeddable":true,"href":"https:\/\/encuentroinformativo.com.mx\/index.php?rest_route=%2Fwp%2Fv2%2Fcategories&post=23099"},{"taxonomy":"post_tag","embeddable":true,"href":"https:\/\/encuentroinformativo.com.mx\/index.php?rest_route=%2Fwp%2Fv2%2Ftags&post=23099"}],"curies":[{"name":"wp","href":"https:\/\/api.w.org\/{rel}","templated":true}]}}