{"id":231,"date":"2020-02-28T16:56:50","date_gmt":"2020-02-28T22:56:50","guid":{"rendered":"https:\/\/encuentroinformativodotcomdotmx.wordpress.com\/2020\/02\/28\/promueven-artesanos-mercado-vivo-en-xalapa\/"},"modified":"2020-02-28T16:56:50","modified_gmt":"2020-02-28T22:56:50","slug":"promueven-artesanos-mercado-vivo-en-xalapa","status":"publish","type":"post","link":"https:\/\/encuentroinformativo.com.mx\/?p=231","title":{"rendered":"Promueven artesanos Mercado Vivo en Xalapa"},"content":{"rendered":"\n<figure class=\"wp-block-image size-large\"><img loading=\"lazy\" decoding=\"async\" width=\"960\" height=\"960\" src=\"https:\/\/encuentroinformativo.com.mx\/wp-content\/uploads\/2020\/02\/img_8044-1.jpg?w=960\" alt=\"\" class=\"wp-image-230\" srcset=\"https:\/\/encuentroinformativo.com.mx\/wp-content\/uploads\/2020\/02\/img_8044-1.jpg 960w, https:\/\/encuentroinformativo.com.mx\/wp-content\/uploads\/2020\/02\/img_8044-1-300x300.jpg 300w, https:\/\/encuentroinformativo.com.mx\/wp-content\/uploads\/2020\/02\/img_8044-1-150x150.jpg 150w, https:\/\/encuentroinformativo.com.mx\/wp-content\/uploads\/2020\/02\/img_8044-1-768x768.jpg 768w\" sizes=\"auto, (max-width: 960px) 100vw, 960px\" \/><\/figure>\n\n\n\n<p><strong>Juan Arcos<\/strong> <\/p>\n\n\n\n<p>Xalapa, Ver.- Se espera la participaci\u00f3n de entre 50 y 60 expositores en el Mercado Vivo, a realizarse en esta capital Veracruzana.<\/p>\n\n\n\n<p>Se trata de un bazar ecol\u00f3gico que busca dar a conocer productos artesanales e incentivar la econom\u00eda local.<\/p>\n\n\n\n<p>De acuerdo con Karina Hern\u00e1ndez, una de las organizadoras, esto tendr\u00e1 lugar en el sal\u00f3n Sum de esta ciudad.<\/p>\n\n\n\n<p>Ella record\u00f3 que el Mercado Vivo se lleva a cabo desde hace cinco a\u00f1os.<\/p>\n\n\n\n<p>\u201cPueden encontrar helado, pan artesanal, galletas, mo\u00f1os, comida. La caracter\u00edstica es que es un bazar ecol\u00f3gico\u201d.<\/p>\n\n\n\n<p>Habr\u00e1 artesanos de Xalapa, Coatepec, Xico, Altotonga, Misantla y del puerto de Veracruz.<\/p>\n\n\n\n<p>\u201cA pesar de que la econom\u00eda actualmente no ha sido muy favorable, hemos estado viendo la posibilidad dentro de mercado vivo de activarnos nosotros mismos para buscarnos alternativas\u201d.<\/p>\n\n\n\n<p>Finalmente, Karina Hern\u00e1ndez destac\u00f3 que varios comerciantes que iniciaron en Mercado Vivo, actualmente ya cuentan con un local establecido.<\/p>\n\n\n\n<p><\/p>\n","protected":false},"excerpt":{"rendered":"<p>Juan Arcos Xalapa, Ver.- Se espera la participaci\u00f3n de entre 50 y 60 expositores en el Mercado Vivo, a realizarse en esta capital Veracruzana. Se trata de un bazar ecol\u00f3gico que busca dar a conocer productos artesanales e incentivar la econom\u00eda local. De acuerdo con Karina Hern\u00e1ndez, una de las organizadoras, esto tendr\u00e1 lugar en [&hellip;]<\/p>\n","protected":false},"author":1,"featured_media":229,"comment_status":"open","ping_status":"open","sticky":false,"template":"","format":"standard","meta":{"_jetpack_memberships_contains_paid_content":false,"footnotes":""},"categories":[3],"tags":[],"class_list":["post-231","post","type-post","status-publish","format-standard","has-post-thumbnail","hentry","category-xalapa"],"jetpack_featured_media_url":"https:\/\/encuentroinformativo.com.mx\/wp-content\/uploads\/2020\/02\/img_8044.jpg","jetpack_sharing_enabled":true,"jetpack_likes_enabled":true,"amp_enabled":true,"_links":{"self":[{"href":"https:\/\/encuentroinformativo.com.mx\/index.php?rest_route=\/wp\/v2\/posts\/231","targetHints":{"allow":["GET"]}}],"collection":[{"href":"https:\/\/encuentroinformativo.com.mx\/index.php?rest_route=\/wp\/v2\/posts"}],"about":[{"href":"https:\/\/encuentroinformativo.com.mx\/index.php?rest_route=\/wp\/v2\/types\/post"}],"author":[{"embeddable":true,"href":"https:\/\/encuentroinformativo.com.mx\/index.php?rest_route=\/wp\/v2\/users\/1"}],"replies":[{"embeddable":true,"href":"https:\/\/encuentroinformativo.com.mx\/index.php?rest_route=%2Fwp%2Fv2%2Fcomments&post=231"}],"version-history":[{"count":0,"href":"https:\/\/encuentroinformativo.com.mx\/index.php?rest_route=\/wp\/v2\/posts\/231\/revisions"}],"wp:featuredmedia":[{"embeddable":true,"href":"https:\/\/encuentroinformativo.com.mx\/index.php?rest_route=\/wp\/v2\/media\/229"}],"wp:attachment":[{"href":"https:\/\/encuentroinformativo.com.mx\/index.php?rest_route=%2Fwp%2Fv2%2Fmedia&parent=231"}],"wp:term":[{"taxonomy":"category","embeddable":true,"href":"https:\/\/encuentroinformativo.com.mx\/index.php?rest_route=%2Fwp%2Fv2%2Fcategories&post=231"},{"taxonomy":"post_tag","embeddable":true,"href":"https:\/\/encuentroinformativo.com.mx\/index.php?rest_route=%2Fwp%2Fv2%2Ftags&post=231"}],"curies":[{"name":"wp","href":"https:\/\/api.w.org\/{rel}","templated":true}]}}