{"id":23108,"date":"2022-02-03T14:04:58","date_gmt":"2022-02-03T20:04:58","guid":{"rendered":"https:\/\/encuentroinformativo.com.mx\/?p=23108"},"modified":"2022-02-03T14:05:00","modified_gmt":"2022-02-03T20:05:00","slug":"necesario-continuar-trabajos-de-busqueda-en-la-herradura-colectivos","status":"publish","type":"post","link":"https:\/\/encuentroinformativo.com.mx\/?p=23108","title":{"rendered":"Necesario continuar trabajos de b\u00fasqueda en La Herradura: Colectivos"},"content":{"rendered":"\n<p><strong>Juan Arcos <\/strong><\/p>\n\n\n\n<p>Xalapa, Ver.- Hace un a\u00f1o, familiares de desaparecidos hallaron un cr\u00e1neo en el fraccionamiento La Herradura de esta ciudad de Xalapa, pero, a la fecha, el sitio no ha sido intervenido por la Fiscal\u00eda General del Estado (FGE) para conocer si hay m\u00e1s restos humanos.<\/p>\n\n\n\n<p>De acuerdo con Mar\u00eda Elena Guti\u00e9rrez, integrante del Colectivo Buscando a Nuestros Desaparecidos y Desaparecidas Veracruz, personal de la Fiscal\u00eda mantiene en resguardo la zona; sin embargo, no ha llevado a cabo los trabajos para la recuperaci\u00f3n de los restos \u00f3seos.<\/p>\n\n\n\n<p>\u201cNosotras las familias encontramos y todav\u00eda esos restos que quedaron no han sido recuperados por Fiscal\u00eda\u201d, expres\u00f3 la entrevistada.<\/p>\n\n\n\n<p>Fue el 23 de enero de 2021, cuando los familiares de desaparecidos recorr\u00edan la zona por las sospechas de una posible fosa clandestina y encontraron la osamenta.<\/p>\n\n\n\n<p>\u201cPero solo fueron recogidos los huesos que estaban en la superficie que fue lo que nosotros vimos. Al otro d\u00eda fueron e hicieron un trabajo de recuperaci\u00f3n pero se quedaron m\u00e1s restos ah\u00ed. El que localizamos, despu\u00e9s de un aguacerazo, el cr\u00e1neo estaba encima, eso s\u00ed se recuper\u00f3\u201d, a\u00f1adi\u00f3.<\/p>\n\n\n\n<p>Los colectivos desconocen cu\u00e1ntos cuerpos hay en el lugar, pues es necesario que las autoridades intervengan y lleven a cabo las labores correspondientes.<\/p>\n\n\n\n<p>\u201cCaminamos encima del basurero y no sab\u00edamos que ah\u00ed era el punto donde \u00edbamos a llegar. \u00cdbamos caminando y, de repente, alguien grit\u00f3: \u00a1ah\u00ed est\u00e1 lo que estamos buscando!, era el primer resto que nosotros encontr\u00e1bamos despu\u00e9s de buscar tanto tiempo en el parque Natura, la \u00faltima parte era en La Herradura y eso se encontr\u00f3 (cr\u00e1neo)\u201d, record\u00f3 Mar\u00eda Elena.<\/p>\n\n\n\n<p>La se\u00f1ora busca a su sobrino Rafael Espinosa Guti\u00e9rrez, desaparecido desde el 15 de agosto de 2013, en la ciudad de Xalapa.<\/p>\n\n\n\n<p>Ella y sus compa\u00f1eros no han podido reanudar la b\u00fasqueda en el fraccionamiento La Herradura debido a que la zona est\u00e1 acordonada y requieren autorizaciones de la FGE.<\/p>\n","protected":false},"excerpt":{"rendered":"<p>Juan Arcos Xalapa, Ver.- Hace un a\u00f1o, familiares de desaparecidos hallaron un cr\u00e1neo en el fraccionamiento La Herradura de esta ciudad de Xalapa, pero, a la fecha, el sitio no ha sido intervenido por la Fiscal\u00eda General del Estado (FGE) para conocer si hay m\u00e1s restos humanos. De acuerdo con Mar\u00eda Elena Guti\u00e9rrez, integrante del [&hellip;]<\/p>\n","protected":false},"author":1,"featured_media":23109,"comment_status":"open","ping_status":"open","sticky":false,"template":"","format":"standard","meta":{"_jetpack_memberships_contains_paid_content":false,"footnotes":""},"categories":[3],"tags":[],"class_list":["post-23108","post","type-post","status-publish","format-standard","has-post-thumbnail","hentry","category-xalapa"],"jetpack_featured_media_url":"https:\/\/encuentroinformativo.com.mx\/wp-content\/uploads\/2022\/02\/5D36125C-DF17-483E-85BC-977C52599478.jpeg","jetpack_sharing_enabled":true,"jetpack_likes_enabled":true,"amp_enabled":true,"_links":{"self":[{"href":"https:\/\/encuentroinformativo.com.mx\/index.php?rest_route=\/wp\/v2\/posts\/23108","targetHints":{"allow":["GET"]}}],"collection":[{"href":"https:\/\/encuentroinformativo.com.mx\/index.php?rest_route=\/wp\/v2\/posts"}],"about":[{"href":"https:\/\/encuentroinformativo.com.mx\/index.php?rest_route=\/wp\/v2\/types\/post"}],"author":[{"embeddable":true,"href":"https:\/\/encuentroinformativo.com.mx\/index.php?rest_route=\/wp\/v2\/users\/1"}],"replies":[{"embeddable":true,"href":"https:\/\/encuentroinformativo.com.mx\/index.php?rest_route=%2Fwp%2Fv2%2Fcomments&post=23108"}],"version-history":[{"count":1,"href":"https:\/\/encuentroinformativo.com.mx\/index.php?rest_route=\/wp\/v2\/posts\/23108\/revisions"}],"predecessor-version":[{"id":23110,"href":"https:\/\/encuentroinformativo.com.mx\/index.php?rest_route=\/wp\/v2\/posts\/23108\/revisions\/23110"}],"wp:featuredmedia":[{"embeddable":true,"href":"https:\/\/encuentroinformativo.com.mx\/index.php?rest_route=\/wp\/v2\/media\/23109"}],"wp:attachment":[{"href":"https:\/\/encuentroinformativo.com.mx\/index.php?rest_route=%2Fwp%2Fv2%2Fmedia&parent=23108"}],"wp:term":[{"taxonomy":"category","embeddable":true,"href":"https:\/\/encuentroinformativo.com.mx\/index.php?rest_route=%2Fwp%2Fv2%2Fcategories&post=23108"},{"taxonomy":"post_tag","embeddable":true,"href":"https:\/\/encuentroinformativo.com.mx\/index.php?rest_route=%2Fwp%2Fv2%2Ftags&post=23108"}],"curies":[{"name":"wp","href":"https:\/\/api.w.org\/{rel}","templated":true}]}}