{"id":23111,"date":"2022-02-03T12:20:54","date_gmt":"2022-02-03T18:20:54","guid":{"rendered":"https:\/\/encuentroinformativo.com.mx\/?p=23111"},"modified":"2022-02-03T14:30:21","modified_gmt":"2022-02-03T20:30:21","slug":"insuficiente-derogacion-de-ultrajes-acusa-prd","status":"publish","type":"post","link":"https:\/\/encuentroinformativo.com.mx\/?p=23111","title":{"rendered":"Insuficiente derogaci\u00f3n de ultrajes, acusa PRD"},"content":{"rendered":"\n<p><strong>Dar\u00edo Pale<\/strong><\/p>\n\n\n\n<p>Xalapa, Ver.- Por ultrajes a la autoridad y contra las instituciones de seguridad, a Rogelio \u201cN\u201d le quieren aplicar pena de 23 a\u00f1os, por lo que los perredistas exigen al Gobernador Cuitl\u00e1huac Garc\u00eda Jim\u00e9nez que tambi\u00e9n derogue delito de ataque a las instituciones de seguridad y no s\u00f3lo el de ultrajes a la autoridad.<\/p>\n\n\n\n<p>En conferencia de prensa realizada en conocido caf\u00e9 del centro de Xalapa los perredistas Arturo H\u00e9rviz, Yazm\u00edn de los \u00c1ngeles Copete Zapot, Manuel Bernal y Juan Montes de Oca, advirtieron que la derogaci\u00f3n del delito de ultrajes a la autoridad no ser\u00e1 suficiente para que aquellos que est\u00e1n presos por dicho tipo penal salgan en libertad para seguir sus procesos.<\/p>\n\n\n\n<p>Ya que seguir\u00e1 vigente el art\u00edculo 337 que define el delito contra las instituciones de seguridad p\u00fablica, por lo que Manuel Bernal opin\u00f3 que es tan grave, confuso y perverso uno como otro, porque los aplican de manera indistinta.<\/p>\n\n\n\n<p>Yazm\u00edn de los \u00c1ngeles Copete Zapot, expres\u00f3 que el delito que pretenden dejar subsistente es la &#8220;trampa&#8221; para que se queden en la c\u00e1rcel los que ya est\u00e1n, como Rogelio \u201cN\u201d, exsecretario de Gobierno en el bienio de Miguel \u00c1ngel Yunes Linares.<\/p>\n\n\n\n<p>Aunque, consider\u00f3, tambi\u00e9n es una trampa para los ciudadanos que levantan la voz y son opositores a la administraci\u00f3n estatal, de suerte que ahora, muy seguramente, aunque deroguen el delito de ultrajes a la autoridad, las detenciones ser\u00e1n por el delito de ataques a las instituciones de seguridad.<\/p>\n\n\n\n<p>Por ello, llam\u00f3 a hacer fuerza com\u00fan para que cese dicha situaci\u00f3n que es alarmante y de ser necesario, dijo que el PRD &#8220;aut\u00e9ntico&#8221;, &#8220;genuino&#8221; tendr\u00e1 que volver a las calles acompa\u00f1ado de la sociedad.<\/p>\n\n\n\n<p>\u201cA lo mejor se le olvid\u00f3 al Gobernador enviar una iniciativa completa para derogar los dos tipos penales que se consideran lesivos&#8221;, se\u00f1al\u00f3.<\/p>\n\n\n\n<p>Llam\u00f3 a todos los ciudadanos que tienen a sus familiares recluidos por dicho tipo penal para que levanten la voz, porque esta debe ser una lucha social, no partidaria.<\/p>\n\n\n\n<p>Arturo H\u00e9rviz Reyes opin\u00f3 que el Gobernador debe tomar en cuenta las sugerencias que hace la Comisi\u00f3n Nacional de Derechos Humanos y pregunt\u00f3 por qu\u00e9 un gobierno que se dice de izquierda insiste en tener leyes represoras contra el pueblo.<\/p>\n\n\n\n<p>Asegur\u00f3 que as\u00ed como se ha exhibido a Veracruz por contar en su C\u00f3digo Penal con dichos tipos penales, se han exhibido otras entidades como Tabasco, que prohib\u00eda las protestas.<\/p>\n\n\n\n<p>&#8220;Cuando la izquierda venimos de eso, de la protesta, en contra de un r\u00e9gimen que era autoritario y hoy volvemos a lo mismo, \u00bfd\u00f3nde est\u00e1 la transformaci\u00f3n, el cambio?, es un retroceso y por eso llamamos al Gobernador para que la iniciativa sea completa y se deroguen los art\u00edculos que atentan contra la libertad de los veracruzanos&#8221;, coment\u00f3.<\/p>\n\n\n\n<p>H\u00e9rviz Reyes consider\u00f3 que los legisladores locales tienen la oportunidad de hacer los cambios necesarios, adem\u00e1s Morena tiene mayor\u00eda y por lo tanto no deber\u00edan limitar las libertades de los ciudadanos.<\/p>\n\n\n\n<p>Manuel Bernal dio a conocer que debido al delito de ultrajes a la autoridad por el que se le acusa al exsecretario de Gobierno la Fiscal\u00eda General del Estado est\u00e1 pidiendo una pena privativa de su libertad de 8 a\u00f1os, mientras que por el delito contra las instituciones de seguridad, est\u00e1n pidiendo 15 a\u00f1os de prisi\u00f3n.<\/p>\n\n\n\n<p>Por ambos delitos est\u00e1n pidiendo que se le aplique una pena de 23 a\u00f1os de prisi\u00f3n al perredista, de manera que aunque se derogue el delito de ultrajes no saldr\u00eda de prisi\u00f3n.<\/p>\n\n\n\n<p>Finalmente dieron a conocer que &#8220;van a quitar el delito de ultrajes a la autoridad, pero van a dejar subsistente el delito contra las instituciones de seguridad p\u00fablica&#8221;.<\/p>\n","protected":false},"excerpt":{"rendered":"<p>Dar\u00edo Pale Xalapa, Ver.- Por ultrajes a la autoridad y contra las instituciones de seguridad, a Rogelio \u201cN\u201d le quieren aplicar pena de 23 a\u00f1os, por lo que los perredistas exigen al Gobernador Cuitl\u00e1huac Garc\u00eda Jim\u00e9nez que tambi\u00e9n derogue delito de ataque a las instituciones de seguridad y no s\u00f3lo el de ultrajes a la [&hellip;]<\/p>\n","protected":false},"author":1,"featured_media":23112,"comment_status":"open","ping_status":"open","sticky":false,"template":"","format":"standard","meta":{"_jetpack_memberships_contains_paid_content":false,"footnotes":""},"categories":[3],"tags":[],"class_list":["post-23111","post","type-post","status-publish","format-standard","has-post-thumbnail","hentry","category-xalapa"],"jetpack_featured_media_url":"https:\/\/encuentroinformativo.com.mx\/wp-content\/uploads\/2022\/02\/BE247282-1387-4D23-ABAF-6ED460B25D28.jpeg","jetpack_sharing_enabled":true,"jetpack_likes_enabled":true,"amp_enabled":true,"_links":{"self":[{"href":"https:\/\/encuentroinformativo.com.mx\/index.php?rest_route=\/wp\/v2\/posts\/23111","targetHints":{"allow":["GET"]}}],"collection":[{"href":"https:\/\/encuentroinformativo.com.mx\/index.php?rest_route=\/wp\/v2\/posts"}],"about":[{"href":"https:\/\/encuentroinformativo.com.mx\/index.php?rest_route=\/wp\/v2\/types\/post"}],"author":[{"embeddable":true,"href":"https:\/\/encuentroinformativo.com.mx\/index.php?rest_route=\/wp\/v2\/users\/1"}],"replies":[{"embeddable":true,"href":"https:\/\/encuentroinformativo.com.mx\/index.php?rest_route=%2Fwp%2Fv2%2Fcomments&post=23111"}],"version-history":[{"count":1,"href":"https:\/\/encuentroinformativo.com.mx\/index.php?rest_route=\/wp\/v2\/posts\/23111\/revisions"}],"predecessor-version":[{"id":23113,"href":"https:\/\/encuentroinformativo.com.mx\/index.php?rest_route=\/wp\/v2\/posts\/23111\/revisions\/23113"}],"wp:featuredmedia":[{"embeddable":true,"href":"https:\/\/encuentroinformativo.com.mx\/index.php?rest_route=\/wp\/v2\/media\/23112"}],"wp:attachment":[{"href":"https:\/\/encuentroinformativo.com.mx\/index.php?rest_route=%2Fwp%2Fv2%2Fmedia&parent=23111"}],"wp:term":[{"taxonomy":"category","embeddable":true,"href":"https:\/\/encuentroinformativo.com.mx\/index.php?rest_route=%2Fwp%2Fv2%2Fcategories&post=23111"},{"taxonomy":"post_tag","embeddable":true,"href":"https:\/\/encuentroinformativo.com.mx\/index.php?rest_route=%2Fwp%2Fv2%2Ftags&post=23111"}],"curies":[{"name":"wp","href":"https:\/\/api.w.org\/{rel}","templated":true}]}}