{"id":23114,"date":"2022-02-03T15:10:00","date_gmt":"2022-02-03T21:10:00","guid":{"rendered":"https:\/\/encuentroinformativo.com.mx\/?p=23114"},"modified":"2022-02-03T15:10:03","modified_gmt":"2022-02-03T21:10:03","slug":"hoteleros-esperan-repunte-con-cumbre-tajin","status":"publish","type":"post","link":"https:\/\/encuentroinformativo.com.mx\/?p=23114","title":{"rendered":"Hoteleros esperan repunte con Cumbre Taj\u00edn"},"content":{"rendered":"\n<p><strong>Alejandro \u00c1vila<\/strong><\/p>\n\n\n\n<p>Poza Rica, Ver.- Un alza de casi el 30 por ciento en ocupaci\u00f3n hotelera esperan concretar los prestadores de servicio tur\u00edstico durante la Cumbre Taj\u00edn, inform\u00f3 Cecilia Uresti Villegas, presidenta de la Asociaci\u00f3n de Hoteles y Moteles de la regi\u00f3n Totonaca.<\/p>\n\n\n\n<p>Tras dos a\u00f1os dif\u00edciles para los empresarios hoteleros, debido a la pandemia, se espera que est\u00e9 sea el inicio de repunte para los empresarios de la zona norte de la entidad veracruzana, ya que adem\u00e1s, est\u00e1 pr\u00f3ximo a realizarse el Festival de Costa Esmeralda.<\/p>\n\n\n\n<p>Uresti Villegas mencion\u00f3 que, durante la pandemia, la ocupaci\u00f3n hotelera decay\u00f3 un 12 por ciento, por lo que es importante para ellos la apertura de la zona Arqueol\u00f3gica de Taj\u00edn, el Festival Cumbre Taj\u00edn y otros eventos que detonen el turismo en los municipios conurbados.<\/p>\n\n\n\n<p>Se detall\u00f3 que en Poza Rica existen poco m\u00e1s de 54 hoteles y un promedio de 3 mil habitaciones, que estar\u00e1n disponibles para los visitantes nacionales y extranjeros que acudan al festival cultural que se realizar\u00e1 en el mes de marzo, sitios donde se aplican protocolos sanitarios para evitar el contagio de coronavirus.&nbsp;<\/p>\n","protected":false},"excerpt":{"rendered":"<p>Alejandro \u00c1vila Poza Rica, Ver.- Un alza de casi el 30 por ciento en ocupaci\u00f3n hotelera esperan concretar los prestadores de servicio tur\u00edstico durante la Cumbre Taj\u00edn, inform\u00f3 Cecilia Uresti Villegas, presidenta de la Asociaci\u00f3n de Hoteles y Moteles de la regi\u00f3n Totonaca. Tras dos a\u00f1os dif\u00edciles para los empresarios hoteleros, debido a la pandemia, [&hellip;]<\/p>\n","protected":false},"author":1,"featured_media":23115,"comment_status":"open","ping_status":"open","sticky":false,"template":"","format":"standard","meta":{"_jetpack_memberships_contains_paid_content":false,"footnotes":""},"categories":[2],"tags":[],"class_list":["post-23114","post","type-post","status-publish","format-standard","has-post-thumbnail","hentry","category-estado"],"jetpack_featured_media_url":"https:\/\/encuentroinformativo.com.mx\/wp-content\/uploads\/2022\/02\/EE941540-49D0-4BAA-8EC2-F8940C4120B3.jpeg","jetpack_sharing_enabled":true,"jetpack_likes_enabled":true,"amp_enabled":true,"_links":{"self":[{"href":"https:\/\/encuentroinformativo.com.mx\/index.php?rest_route=\/wp\/v2\/posts\/23114","targetHints":{"allow":["GET"]}}],"collection":[{"href":"https:\/\/encuentroinformativo.com.mx\/index.php?rest_route=\/wp\/v2\/posts"}],"about":[{"href":"https:\/\/encuentroinformativo.com.mx\/index.php?rest_route=\/wp\/v2\/types\/post"}],"author":[{"embeddable":true,"href":"https:\/\/encuentroinformativo.com.mx\/index.php?rest_route=\/wp\/v2\/users\/1"}],"replies":[{"embeddable":true,"href":"https:\/\/encuentroinformativo.com.mx\/index.php?rest_route=%2Fwp%2Fv2%2Fcomments&post=23114"}],"version-history":[{"count":1,"href":"https:\/\/encuentroinformativo.com.mx\/index.php?rest_route=\/wp\/v2\/posts\/23114\/revisions"}],"predecessor-version":[{"id":23116,"href":"https:\/\/encuentroinformativo.com.mx\/index.php?rest_route=\/wp\/v2\/posts\/23114\/revisions\/23116"}],"wp:featuredmedia":[{"embeddable":true,"href":"https:\/\/encuentroinformativo.com.mx\/index.php?rest_route=\/wp\/v2\/media\/23115"}],"wp:attachment":[{"href":"https:\/\/encuentroinformativo.com.mx\/index.php?rest_route=%2Fwp%2Fv2%2Fmedia&parent=23114"}],"wp:term":[{"taxonomy":"category","embeddable":true,"href":"https:\/\/encuentroinformativo.com.mx\/index.php?rest_route=%2Fwp%2Fv2%2Fcategories&post=23114"},{"taxonomy":"post_tag","embeddable":true,"href":"https:\/\/encuentroinformativo.com.mx\/index.php?rest_route=%2Fwp%2Fv2%2Ftags&post=23114"}],"curies":[{"name":"wp","href":"https:\/\/api.w.org\/{rel}","templated":true}]}}