{"id":23117,"date":"2022-02-03T16:20:34","date_gmt":"2022-02-03T22:20:34","guid":{"rendered":"https:\/\/encuentroinformativo.com.mx\/?p=23117"},"modified":"2022-02-03T16:28:23","modified_gmt":"2022-02-03T22:28:23","slug":"realizan-autoridades-padron-de-personas-en-situacion-de-calle","status":"publish","type":"post","link":"https:\/\/encuentroinformativo.com.mx\/?p=23117","title":{"rendered":"Realizan autoridades padr\u00f3n de personas en situaci\u00f3n de calle"},"content":{"rendered":"\n<p><strong>Juan Arcos<\/strong><\/p>\n\n\n\n<p>Xalapa, Ver.- Ante las bajas temperaturas que persistir\u00e1n en la ciudad, la Direcci\u00f3n de Protecci\u00f3n Civil del ayuntamiento de Xalapa trabaja en un padr\u00f3n de familias en situaci\u00f3n de calle para la entrega de apoyos.<\/p>\n\n\n\n<p>El presidente municipal de Xalapa, Ricardo Ahued Bardahuil, dio a conocer que el personal est\u00e1 llevando a cabo los recorridos correspondientes.<\/p>\n\n\n\n<p>\u201cYa estamos haciendo recorrido para que Protecci\u00f3n Civil pueda revisar, tenemos cuatro o cinco recorridos para revisar el levantamiento y el padr\u00f3n de familia por familia para que lleguen a ellos y a no a terceros los beneficios de su colchoneta, de su cobija, despensa o l\u00e1mina\u201d, expres\u00f3.<\/p>\n\n\n\n<p>El edil indic\u00f3 que en pr\u00f3ximos d\u00edas ser\u00e1n entregados los apoyos a las personas vulnerables para que puedan hacer frente a las bajas temperaturas que predominar\u00e1n en la entidad.<\/p>\n\n\n\n<p>Adem\u00e1s, record\u00f3 que la mayor\u00eda de los indigentes se niegan a acudir a los albergues y no deben ser obligados a ello.<\/p>\n\n\n\n<p>\u201cHemos tratado de que podamos atender a algunos, pero hay un tema ah\u00ed que nos cuesta trabajo porque muchos se oponen y no podemos llevar a la fuerza, ser\u00eda un delito\u201d, a\u00f1adi\u00f3.<\/p>\n\n\n\n<p>Ahued Bardahuil refiri\u00f3 que s\u00f3lo hay una persona que se encuentra en un refugio del ayuntamiento, donde recibe la atenci\u00f3n necesaria.<\/p>\n\n\n\n<p>Adem\u00e1s, se ha detectado la llegada de familias completas a la capital del estado que viven en situaci\u00f3n de calle.<\/p>\n\n\n\n<p>\u201cEst\u00e1n esperando en los portales, en un lugar, donde ponen en riesgo su salud a\u00fan m\u00e1s porque est\u00e1n ah\u00ed con la inclemencia del tiempo; sin embargo, vamos a seguir insistiendo para poderles dar alimento, comida, atenci\u00f3n m\u00e9dica y poder proponer que puedan tener una vida m\u00e1s digna\u201d, remat\u00f3 el Alcalde de Xalapa.<\/p>\n","protected":false},"excerpt":{"rendered":"<p>Juan Arcos Xalapa, Ver.- Ante las bajas temperaturas que persistir\u00e1n en la ciudad, la Direcci\u00f3n de Protecci\u00f3n Civil del ayuntamiento de Xalapa trabaja en un padr\u00f3n de familias en situaci\u00f3n de calle para la entrega de apoyos. El presidente municipal de Xalapa, Ricardo Ahued Bardahuil, dio a conocer que el personal est\u00e1 llevando a cabo [&hellip;]<\/p>\n","protected":false},"author":1,"featured_media":23120,"comment_status":"open","ping_status":"open","sticky":false,"template":"","format":"standard","meta":{"_jetpack_memberships_contains_paid_content":false,"footnotes":""},"categories":[3],"tags":[],"class_list":["post-23117","post","type-post","status-publish","format-standard","has-post-thumbnail","hentry","category-xalapa"],"jetpack_featured_media_url":"https:\/\/encuentroinformativo.com.mx\/wp-content\/uploads\/2022\/02\/2FC64ED2-8A3A-4DF8-9EA4-8B45A23E6855.jpeg","jetpack_sharing_enabled":true,"jetpack_likes_enabled":true,"amp_enabled":true,"_links":{"self":[{"href":"https:\/\/encuentroinformativo.com.mx\/index.php?rest_route=\/wp\/v2\/posts\/23117","targetHints":{"allow":["GET"]}}],"collection":[{"href":"https:\/\/encuentroinformativo.com.mx\/index.php?rest_route=\/wp\/v2\/posts"}],"about":[{"href":"https:\/\/encuentroinformativo.com.mx\/index.php?rest_route=\/wp\/v2\/types\/post"}],"author":[{"embeddable":true,"href":"https:\/\/encuentroinformativo.com.mx\/index.php?rest_route=\/wp\/v2\/users\/1"}],"replies":[{"embeddable":true,"href":"https:\/\/encuentroinformativo.com.mx\/index.php?rest_route=%2Fwp%2Fv2%2Fcomments&post=23117"}],"version-history":[{"count":1,"href":"https:\/\/encuentroinformativo.com.mx\/index.php?rest_route=\/wp\/v2\/posts\/23117\/revisions"}],"predecessor-version":[{"id":23119,"href":"https:\/\/encuentroinformativo.com.mx\/index.php?rest_route=\/wp\/v2\/posts\/23117\/revisions\/23119"}],"wp:featuredmedia":[{"embeddable":true,"href":"https:\/\/encuentroinformativo.com.mx\/index.php?rest_route=\/wp\/v2\/media\/23120"}],"wp:attachment":[{"href":"https:\/\/encuentroinformativo.com.mx\/index.php?rest_route=%2Fwp%2Fv2%2Fmedia&parent=23117"}],"wp:term":[{"taxonomy":"category","embeddable":true,"href":"https:\/\/encuentroinformativo.com.mx\/index.php?rest_route=%2Fwp%2Fv2%2Fcategories&post=23117"},{"taxonomy":"post_tag","embeddable":true,"href":"https:\/\/encuentroinformativo.com.mx\/index.php?rest_route=%2Fwp%2Fv2%2Ftags&post=23117"}],"curies":[{"name":"wp","href":"https:\/\/api.w.org\/{rel}","templated":true}]}}