{"id":23134,"date":"2022-02-04T10:35:09","date_gmt":"2022-02-04T16:35:09","guid":{"rendered":"https:\/\/encuentroinformativo.com.mx\/?p=23134"},"modified":"2022-02-04T10:35:13","modified_gmt":"2022-02-04T16:35:13","slug":"por-presuntos-abusos-investigan-a-policias-de-poza-rica","status":"publish","type":"post","link":"https:\/\/encuentroinformativo.com.mx\/?p=23134","title":{"rendered":"Por presuntos abusos, investigan a polic\u00edas de Poza Rica"},"content":{"rendered":"\n<p>Alejandro \u00c1vila<\/p>\n\n\n\n<p>Poza Rica, Ver.- La Comisi\u00f3n Estatal de Derechos Humanos (CEDH) emiti\u00f3 una recomendaci\u00f3n al Ayuntamiento de Poza Rica, para que investigue a dos de sus elementos, por un presunto abuso de autoridad.<\/p>\n\n\n\n<p>Marisol Hern\u00e1ndez Moreno, edil que preside la comisi\u00f3n de Polic\u00eda confirm\u00f3 que, el Ayuntamiento en coordinaci\u00f3n con la Fiscal\u00eda General del Estado realizan las diligencias pertinentes para cumplir con lo solicitado por la CEDH.<\/p>\n\n\n\n<p>Sobre la denuncia, manifest\u00f3 que fue hecha por ciudadanos pozarricense, aunque evit\u00f3 dar detalles sobre la misma, y asegur\u00f3 ser\u00e1n las instancias pertinentes las que determinen si los elementos cometieron el presunto abuso de autoridad.<\/p>\n\n\n\n<p>&#8220;Est\u00e1n sometidos ahorita a investigaci\u00f3n, pero no se ha dado de baja a ninguno, precisamente por el proceso de investigaci\u00f3n (\u2026) hasta ahorita te puedo confirmar dos&#8221;, declar\u00f3.<\/p>\n\n\n\n<p>Sobre las presuntas denuncias de g\u00e9nero, encontra de mujeres que laboran en la corporaci\u00f3n, la regidora se\u00f1al\u00f3 que solo han conocido de ellas a trav\u00e9s de las redes sociales, pero hasta el momento no existe una informaci\u00f3n formal al respecto; por lo que invito a las afectadas a realizar su reclamo ante las instancias adecuadas.<\/p>\n\n\n\n<p>&#8220;Lo hemos visto en redes sociales, no nos ha llegado una queja por escrito de este tipo de denuncias, por g\u00e9nero&#8221;, agreg\u00f3.<\/p>\n\n\n\n<p>La Polic\u00eda Municipal de Poza Rica cuenta en este momento con 125 elementos operativos y 20 en el \u00e1rea administrativa, aunque, a partir del mes de febrero, se abri\u00f3 la convocatoria para incrementar el n\u00famero de personal; los interesados deber\u00e1n acudir a la Direcci\u00f3n de Prevenci\u00f3n del Delito, para mayores informes.<\/p>\n\n\n\n<p>Marisol Hern\u00e1ndez Moreno, hizo un llamado a los ciudadanos, para que denuncien cualquier tipo de abuso de autoridad por parte de los elementos policiacos, que tiene facultades de proximidad social y de respeto a los pozarricenses.<\/p>\n","protected":false},"excerpt":{"rendered":"<p>Alejandro \u00c1vila Poza Rica, Ver.- La Comisi\u00f3n Estatal de Derechos Humanos (CEDH) emiti\u00f3 una recomendaci\u00f3n al Ayuntamiento de Poza Rica, para que investigue a dos de sus elementos, por un presunto abuso de autoridad. Marisol Hern\u00e1ndez Moreno, edil que preside la comisi\u00f3n de Polic\u00eda confirm\u00f3 que, el Ayuntamiento en coordinaci\u00f3n con la Fiscal\u00eda General del [&hellip;]<\/p>\n","protected":false},"author":1,"featured_media":23135,"comment_status":"open","ping_status":"open","sticky":false,"template":"","format":"standard","meta":{"_jetpack_memberships_contains_paid_content":false,"footnotes":""},"categories":[2],"tags":[],"class_list":["post-23134","post","type-post","status-publish","format-standard","has-post-thumbnail","hentry","category-estado"],"jetpack_featured_media_url":"https:\/\/encuentroinformativo.com.mx\/wp-content\/uploads\/2022\/02\/EBFAD325-2D56-4A3F-A315-8831B66D1433.jpeg","jetpack_sharing_enabled":true,"jetpack_likes_enabled":true,"amp_enabled":true,"_links":{"self":[{"href":"https:\/\/encuentroinformativo.com.mx\/index.php?rest_route=\/wp\/v2\/posts\/23134","targetHints":{"allow":["GET"]}}],"collection":[{"href":"https:\/\/encuentroinformativo.com.mx\/index.php?rest_route=\/wp\/v2\/posts"}],"about":[{"href":"https:\/\/encuentroinformativo.com.mx\/index.php?rest_route=\/wp\/v2\/types\/post"}],"author":[{"embeddable":true,"href":"https:\/\/encuentroinformativo.com.mx\/index.php?rest_route=\/wp\/v2\/users\/1"}],"replies":[{"embeddable":true,"href":"https:\/\/encuentroinformativo.com.mx\/index.php?rest_route=%2Fwp%2Fv2%2Fcomments&post=23134"}],"version-history":[{"count":1,"href":"https:\/\/encuentroinformativo.com.mx\/index.php?rest_route=\/wp\/v2\/posts\/23134\/revisions"}],"predecessor-version":[{"id":23136,"href":"https:\/\/encuentroinformativo.com.mx\/index.php?rest_route=\/wp\/v2\/posts\/23134\/revisions\/23136"}],"wp:featuredmedia":[{"embeddable":true,"href":"https:\/\/encuentroinformativo.com.mx\/index.php?rest_route=\/wp\/v2\/media\/23135"}],"wp:attachment":[{"href":"https:\/\/encuentroinformativo.com.mx\/index.php?rest_route=%2Fwp%2Fv2%2Fmedia&parent=23134"}],"wp:term":[{"taxonomy":"category","embeddable":true,"href":"https:\/\/encuentroinformativo.com.mx\/index.php?rest_route=%2Fwp%2Fv2%2Fcategories&post=23134"},{"taxonomy":"post_tag","embeddable":true,"href":"https:\/\/encuentroinformativo.com.mx\/index.php?rest_route=%2Fwp%2Fv2%2Ftags&post=23134"}],"curies":[{"name":"wp","href":"https:\/\/api.w.org\/{rel}","templated":true}]}}