{"id":23137,"date":"2022-02-04T10:53:38","date_gmt":"2022-02-04T16:53:38","guid":{"rendered":"https:\/\/encuentroinformativo.com.mx\/?p=23137"},"modified":"2022-02-04T10:53:42","modified_gmt":"2022-02-04T16:53:42","slug":"solo-20-por-ciento-de-estudiantes-regresaron-a-clases-presenciales-en-uv","status":"publish","type":"post","link":"https:\/\/encuentroinformativo.com.mx\/?p=23137","title":{"rendered":"Solo 20 por ciento de estudiantes regresaron a clases presenciales en UV"},"content":{"rendered":"\n<p><strong>Alejandro \u00c1vila<\/strong><\/p>\n\n\n\n<p>Veracruz, Ver.- \u00danicamente el 20 por ciento de la matr\u00edcula estudiantil de la Universidad Veracruzana en la zona conurbada Veracruz &#8211; Boca del R\u00edo regres\u00f3 a clases presenciales, las cuales iniciaron el 2 de febrero, confirm\u00f3 el vicerrector Rub\u00e9n Edel Navarro.<\/p>\n\n\n\n<p>Se detall\u00f3 que esta fue una de las opciones otorg\u00f3 la m\u00e1xima casa de estudios de la entidad veracruzana, por lo que un 40 por ciento toma clases de forma h\u00edbrida, y el restante 40 por ciento, contin\u00faa con sus clases en linea.<\/p>\n\n\n\n<p>El vicerrector confirm\u00f3 que, se prev\u00e9 en un m\u00e1ximo de mes y medio, el n\u00famero de estudiantes en clases presenciales incremente considerablemente.<\/p>\n\n\n\n<p>\u201cLas clases presenciales son en Enfermer\u00eda, Administraci\u00f3n y Artes; estamos hablando de 13 Facultades m\u00e1s que est\u00e1n en modalidades hibridas\u201d, apunt\u00f3.<\/p>\n\n\n\n<p>El acad\u00e9mico destac\u00f3 que, hasta el momento no se ha presentado ning\u00fan caso de Covid-19 entre los estudiantes o el personal docente; sin embargo, dijo que de presentarse la situaci\u00f3n existen protocolos para retirarlos, y en el caso de ser estudiantes, apoyarlos para que no se atrasen en tareas o actividades.&nbsp;<\/p>\n\n\n\n<p>\u201cAs\u00ed como anteriormente llegaban con un justificante medico y se les daba todo el respaldo, va a suceder exactamente lo mismo\u201d, culmin\u00f3.<\/p>\n","protected":false},"excerpt":{"rendered":"<p>Alejandro \u00c1vila Veracruz, Ver.- \u00danicamente el 20 por ciento de la matr\u00edcula estudiantil de la Universidad Veracruzana en la zona conurbada Veracruz &#8211; Boca del R\u00edo regres\u00f3 a clases presenciales, las cuales iniciaron el 2 de febrero, confirm\u00f3 el vicerrector Rub\u00e9n Edel Navarro. Se detall\u00f3 que esta fue una de las opciones otorg\u00f3 la m\u00e1xima [&hellip;]<\/p>\n","protected":false},"author":1,"featured_media":23138,"comment_status":"open","ping_status":"open","sticky":false,"template":"","format":"standard","meta":{"_jetpack_memberships_contains_paid_content":false,"footnotes":""},"categories":[2],"tags":[],"class_list":["post-23137","post","type-post","status-publish","format-standard","has-post-thumbnail","hentry","category-estado"],"jetpack_featured_media_url":"https:\/\/encuentroinformativo.com.mx\/wp-content\/uploads\/2022\/02\/4C030BB5-5A82-41EC-A023-6AC1C9A95CEC.jpeg","jetpack_sharing_enabled":true,"jetpack_likes_enabled":true,"amp_enabled":true,"_links":{"self":[{"href":"https:\/\/encuentroinformativo.com.mx\/index.php?rest_route=\/wp\/v2\/posts\/23137","targetHints":{"allow":["GET"]}}],"collection":[{"href":"https:\/\/encuentroinformativo.com.mx\/index.php?rest_route=\/wp\/v2\/posts"}],"about":[{"href":"https:\/\/encuentroinformativo.com.mx\/index.php?rest_route=\/wp\/v2\/types\/post"}],"author":[{"embeddable":true,"href":"https:\/\/encuentroinformativo.com.mx\/index.php?rest_route=\/wp\/v2\/users\/1"}],"replies":[{"embeddable":true,"href":"https:\/\/encuentroinformativo.com.mx\/index.php?rest_route=%2Fwp%2Fv2%2Fcomments&post=23137"}],"version-history":[{"count":1,"href":"https:\/\/encuentroinformativo.com.mx\/index.php?rest_route=\/wp\/v2\/posts\/23137\/revisions"}],"predecessor-version":[{"id":23139,"href":"https:\/\/encuentroinformativo.com.mx\/index.php?rest_route=\/wp\/v2\/posts\/23137\/revisions\/23139"}],"wp:featuredmedia":[{"embeddable":true,"href":"https:\/\/encuentroinformativo.com.mx\/index.php?rest_route=\/wp\/v2\/media\/23138"}],"wp:attachment":[{"href":"https:\/\/encuentroinformativo.com.mx\/index.php?rest_route=%2Fwp%2Fv2%2Fmedia&parent=23137"}],"wp:term":[{"taxonomy":"category","embeddable":true,"href":"https:\/\/encuentroinformativo.com.mx\/index.php?rest_route=%2Fwp%2Fv2%2Fcategories&post=23137"},{"taxonomy":"post_tag","embeddable":true,"href":"https:\/\/encuentroinformativo.com.mx\/index.php?rest_route=%2Fwp%2Fv2%2Ftags&post=23137"}],"curies":[{"name":"wp","href":"https:\/\/api.w.org\/{rel}","templated":true}]}}