{"id":23145,"date":"2022-02-04T13:13:16","date_gmt":"2022-02-04T19:13:16","guid":{"rendered":"https:\/\/encuentroinformativo.com.mx\/?p=23145"},"modified":"2022-02-04T13:13:19","modified_gmt":"2022-02-04T19:13:19","slug":"se-propondra-derogacion-de-ultrajes-en-18-estados-senador","status":"publish","type":"post","link":"https:\/\/encuentroinformativo.com.mx\/?p=23145","title":{"rendered":"Se propondr\u00e1 derogaci\u00f3n de ultrajes en 18 estados: Senador"},"content":{"rendered":"\n<p><strong>Dar\u00edo Pale <\/strong><\/p>\n\n\n\n<p>Xalapa, Ver.- El senador de Morena en Veracruz, Ernesto P\u00e9rez Astorga dio a conocer que por el caso Veracruz, en el senado propondr\u00e1n la derogaci\u00f3n de ultrajes a la autoridad en 18 estados donde sigue vigente.<\/p>\n\n\n\n<p>Entrevistado en conocido caf\u00e9 del centro de Xalapa se\u00f1al\u00f3 que despu\u00e9s de un amplio y pol\u00e9mico debate que se registr\u00f3 en el primer d\u00eda de sesiones de la C\u00e1mara de Senadores, por el delito de ultrajes a la autoridad y los casos de abuso de autoridad en Veracruz, adelant\u00f3 que propondr\u00e1n la derogaci\u00f3n de dicho delito en los 18 estados donde todav\u00eda est\u00e1 vigente.<\/p>\n\n\n\n<p>Hizo un breve resumen de lo sucedido en la pasada sesi\u00f3n y refiri\u00f3 que fue el senador de Movimiento Ciudadano, Dante Delgado quien comenz\u00f3 hablando de una injusticia por la detenci\u00f3n del secretario t\u00e9cnico de la Jucopo, Jos\u00e9 Manuel del R\u00edo Virgen.<\/p>\n\n\n\n<p>Sin embargo, opin\u00f3 que est\u00e1n confundiendo el debate, porque primero comenzaron por el delito de ultrajes a la autoridad y luego de la desaparici\u00f3n de poderes en Veracruz, &#8220;fueron de exceso tras exceso&#8221;.<\/p>\n\n\n\n<p>Reconoci\u00f3 que el gobernador Cuitl\u00e1huac Garc\u00eda Jim\u00e9nez tras la recomendaci\u00f3n que emiti\u00f3 la Comisi\u00f3n Nacional de Derechos Humanos, ya turn\u00f3 la iniciativa al Congreso local para la derogaci\u00f3n del tipo penal en el C\u00f3digo Penal del Estado.<\/p>\n\n\n\n<p>&#8220;Pero en ese inter, trata de confundir la oposici\u00f3n dos temas. Vamos a separar ultrajes y procesos penales. El se\u00f1or del R\u00edo Virgen est\u00e1 se\u00f1alado en un proceso penal y, por otro lado, los panistas hablaban de represi\u00f3n, de que si eran adversarios pol\u00edticos los encarcelaban&#8221;, se\u00f1al\u00f3.<\/p>\n\n\n\n<p>P\u00e9rez Astorga mencion\u00f3 que durante el debate en la C\u00e1mara tambi\u00e9n se habl\u00f3 de la detenci\u00f3n de Tito Delf\u00edn, pero record\u00f3 que el aspirante a la dirigencia estatal del PAN no fue detenido por ultrajes a la autoridad.<br>Fue ah\u00ed donde mencion\u00f3 que en rueda de prensa dieron a conocer que de las 32 entidades del Pa\u00eds, en 18 todav\u00eda est\u00e1 vigente dicho delito.<\/p>\n\n\n\n<p>&#8220;Nosotros consideramos como grupo parlamentario que si se va a derogar ultrajes a la autoridad se debe derogar en todos los estados, en los 18 estados porque curiosamente \u00fanicamente se escucha Veracruz&#8221;, coment\u00f3.<\/p>\n\n\n\n<p>\u201cEntonces algo pasa cuando tenemos estados m\u00e1s violentos como Guanajuato, Jalisco, Nuevo Le\u00f3n, en donde hay otros colores de partido y no pasa nada, ya \u00fanicamente en Veracruz&#8221;, agreg\u00f3.<\/p>\n\n\n\n<p>Por lo que, consider\u00f3 se critica s\u00f3lo a Veracruz porque en el paso proceso electoral refrend\u00f3 su fuerza electoral, es uno de los bastones m\u00e1s importantes de Morena.<\/p>\n\n\n\n<p>Finalmente dio a conocer que se trata de un asunto totalmente de tipo pol\u00edtico, por lo que reiter\u00f3, el grupo parlamentario de Morena propondr\u00e1 un exhorto para que los 18 estados que restan deroguen el tipo penal.<\/p>\n","protected":false},"excerpt":{"rendered":"<p>Dar\u00edo Pale Xalapa, Ver.- El senador de Morena en Veracruz, Ernesto P\u00e9rez Astorga dio a conocer que por el caso Veracruz, en el senado propondr\u00e1n la derogaci\u00f3n de ultrajes a la autoridad en 18 estados donde sigue vigente. Entrevistado en conocido caf\u00e9 del centro de Xalapa se\u00f1al\u00f3 que despu\u00e9s de un amplio y pol\u00e9mico debate [&hellip;]<\/p>\n","protected":false},"author":1,"featured_media":23146,"comment_status":"open","ping_status":"open","sticky":false,"template":"","format":"standard","meta":{"_jetpack_memberships_contains_paid_content":false,"footnotes":""},"categories":[2],"tags":[],"class_list":["post-23145","post","type-post","status-publish","format-standard","has-post-thumbnail","hentry","category-estado"],"jetpack_featured_media_url":"https:\/\/encuentroinformativo.com.mx\/wp-content\/uploads\/2022\/02\/66D3F205-2749-4CF4-BD9E-E0A9D8EFA2A0-scaled.jpeg","jetpack_sharing_enabled":true,"jetpack_likes_enabled":true,"amp_enabled":true,"_links":{"self":[{"href":"https:\/\/encuentroinformativo.com.mx\/index.php?rest_route=\/wp\/v2\/posts\/23145","targetHints":{"allow":["GET"]}}],"collection":[{"href":"https:\/\/encuentroinformativo.com.mx\/index.php?rest_route=\/wp\/v2\/posts"}],"about":[{"href":"https:\/\/encuentroinformativo.com.mx\/index.php?rest_route=\/wp\/v2\/types\/post"}],"author":[{"embeddable":true,"href":"https:\/\/encuentroinformativo.com.mx\/index.php?rest_route=\/wp\/v2\/users\/1"}],"replies":[{"embeddable":true,"href":"https:\/\/encuentroinformativo.com.mx\/index.php?rest_route=%2Fwp%2Fv2%2Fcomments&post=23145"}],"version-history":[{"count":1,"href":"https:\/\/encuentroinformativo.com.mx\/index.php?rest_route=\/wp\/v2\/posts\/23145\/revisions"}],"predecessor-version":[{"id":23147,"href":"https:\/\/encuentroinformativo.com.mx\/index.php?rest_route=\/wp\/v2\/posts\/23145\/revisions\/23147"}],"wp:featuredmedia":[{"embeddable":true,"href":"https:\/\/encuentroinformativo.com.mx\/index.php?rest_route=\/wp\/v2\/media\/23146"}],"wp:attachment":[{"href":"https:\/\/encuentroinformativo.com.mx\/index.php?rest_route=%2Fwp%2Fv2%2Fmedia&parent=23145"}],"wp:term":[{"taxonomy":"category","embeddable":true,"href":"https:\/\/encuentroinformativo.com.mx\/index.php?rest_route=%2Fwp%2Fv2%2Fcategories&post=23145"},{"taxonomy":"post_tag","embeddable":true,"href":"https:\/\/encuentroinformativo.com.mx\/index.php?rest_route=%2Fwp%2Fv2%2Ftags&post=23145"}],"curies":[{"name":"wp","href":"https:\/\/api.w.org\/{rel}","templated":true}]}}