{"id":23148,"date":"2022-02-04T13:19:24","date_gmt":"2022-02-04T19:19:24","guid":{"rendered":"https:\/\/encuentroinformativo.com.mx\/?p=23148"},"modified":"2022-02-04T13:19:27","modified_gmt":"2022-02-04T19:19:27","slug":"dejan-plantados-a-afectados-por-construccion-de-autopista-cardel-poza-rica","status":"publish","type":"post","link":"https:\/\/encuentroinformativo.com.mx\/?p=23148","title":{"rendered":"Dejan \u201cplantados\u201d a afectados por construcci\u00f3n de autopista Cardel-Poza Rica"},"content":{"rendered":"\n<p><strong>Juan Arcos<\/strong><\/p>\n\n\n\n<p>Xalapa, Ver.- Pobladores del municipio de Alto Lucero denunciaron falta de voluntad pol\u00edtica por parte del gobierno estatal para atender a las personas que sufrieron da\u00f1os en m\u00e1s de 500 casas por la construcci\u00f3n de la autopista Cardel-Poza Rica.<\/p>\n\n\n\n<p>Algunos de los afectados hab\u00edan acordado reunirse este viernes a las 14:00 horas con representantes de la Direcci\u00f3n General de Pol\u00edtica Regional; sin embargo, sin ning\u00fan motivo, las autoridades estatales cancelaron el encuentro.<\/p>\n\n\n\n<p>La empresa Mota Engil M\u00e9xico en la obra mencionada utiliz\u00f3 explosivos, cerca de zonas urbanas, ocasionando afectaciones a viviendas de las localidades La Defensa, Santa Anna, Santander y Miramar.<\/p>\n\n\n\n<p>De acuerdo con algunos de los afectados, quienes solicitaron el anonimato, desde hace seis meses se presentaron las denuncias por da\u00f1os en la Fiscal\u00eda General del Estado (FGE), para que la empresa se hiciera responsable de la reparaci\u00f3n de los da\u00f1os.<\/p>\n\n\n\n<p>Sin embargo, las autoridades ministeriales han citado en cuatro ocasiones a la empresa para negociar con los afectados, pero no se ha presentado.<\/p>\n\n\n\n<p>\u201cLa gente ya est\u00e1 cansada, aunado a ello la cancelaci\u00f3n por parte de pol\u00edtica regional y el gobierno del estado para la reuni\u00f3n de hoy a las 2 pm, la gente est\u00e1 cansada de mentiras y de promesas incumplidas, que en este caso nos cancelan las reuniones\u201d, expresaron.<\/p>\n\n\n\n<p>Los inconformes han dirigido oficios al gobierno del estado para solicitar su intervenci\u00f3n en la soluci\u00f3n de este conflicto; sin embargo, no han recibido una respuesta favorable.<\/p>\n\n\n\n<p>Por tal motivo, los pobladores de Alto Lucero hab\u00edan convocado a una protesta y bloqueo de la carretera Cardel-Poza Rica el pr\u00f3ximo lunes a las 11:00 horas; sin embargo, la empresa accedi\u00f3 a atender a los afectados el mi\u00e9rcoles 9 de febrero, por lo que la movilizaci\u00f3n fue suspendida.<\/p>\n","protected":false},"excerpt":{"rendered":"<p>Juan Arcos Xalapa, Ver.- Pobladores del municipio de Alto Lucero denunciaron falta de voluntad pol\u00edtica por parte del gobierno estatal para atender a las personas que sufrieron da\u00f1os en m\u00e1s de 500 casas por la construcci\u00f3n de la autopista Cardel-Poza Rica. Algunos de los afectados hab\u00edan acordado reunirse este viernes a las 14:00 horas con [&hellip;]<\/p>\n","protected":false},"author":1,"featured_media":23149,"comment_status":"open","ping_status":"open","sticky":false,"template":"","format":"standard","meta":{"_jetpack_memberships_contains_paid_content":false,"footnotes":""},"categories":[8],"tags":[],"class_list":["post-23148","post","type-post","status-publish","format-standard","has-post-thumbnail","hentry","category-region"],"jetpack_featured_media_url":"https:\/\/encuentroinformativo.com.mx\/wp-content\/uploads\/2022\/02\/E554DAB8-CAD7-45DA-B31E-6A092166A8EC.jpeg","jetpack_sharing_enabled":true,"jetpack_likes_enabled":true,"amp_enabled":true,"_links":{"self":[{"href":"https:\/\/encuentroinformativo.com.mx\/index.php?rest_route=\/wp\/v2\/posts\/23148","targetHints":{"allow":["GET"]}}],"collection":[{"href":"https:\/\/encuentroinformativo.com.mx\/index.php?rest_route=\/wp\/v2\/posts"}],"about":[{"href":"https:\/\/encuentroinformativo.com.mx\/index.php?rest_route=\/wp\/v2\/types\/post"}],"author":[{"embeddable":true,"href":"https:\/\/encuentroinformativo.com.mx\/index.php?rest_route=\/wp\/v2\/users\/1"}],"replies":[{"embeddable":true,"href":"https:\/\/encuentroinformativo.com.mx\/index.php?rest_route=%2Fwp%2Fv2%2Fcomments&post=23148"}],"version-history":[{"count":1,"href":"https:\/\/encuentroinformativo.com.mx\/index.php?rest_route=\/wp\/v2\/posts\/23148\/revisions"}],"predecessor-version":[{"id":23150,"href":"https:\/\/encuentroinformativo.com.mx\/index.php?rest_route=\/wp\/v2\/posts\/23148\/revisions\/23150"}],"wp:featuredmedia":[{"embeddable":true,"href":"https:\/\/encuentroinformativo.com.mx\/index.php?rest_route=\/wp\/v2\/media\/23149"}],"wp:attachment":[{"href":"https:\/\/encuentroinformativo.com.mx\/index.php?rest_route=%2Fwp%2Fv2%2Fmedia&parent=23148"}],"wp:term":[{"taxonomy":"category","embeddable":true,"href":"https:\/\/encuentroinformativo.com.mx\/index.php?rest_route=%2Fwp%2Fv2%2Fcategories&post=23148"},{"taxonomy":"post_tag","embeddable":true,"href":"https:\/\/encuentroinformativo.com.mx\/index.php?rest_route=%2Fwp%2Fv2%2Ftags&post=23148"}],"curies":[{"name":"wp","href":"https:\/\/api.w.org\/{rel}","templated":true}]}}