{"id":23157,"date":"2022-02-04T14:00:01","date_gmt":"2022-02-04T20:00:01","guid":{"rendered":"https:\/\/encuentroinformativo.com.mx\/?p=23157"},"modified":"2022-02-04T14:00:04","modified_gmt":"2022-02-04T20:00:04","slug":"abriran-zona-arqueologica-el-tajin-el-7-de-febrero","status":"publish","type":"post","link":"https:\/\/encuentroinformativo.com.mx\/?p=23157","title":{"rendered":"Abrir\u00e1n zona arqueol\u00f3gica El Taj\u00edn el 7 de febrero"},"content":{"rendered":"\n<p><strong>Alejandro \u00c1vila<\/strong><\/p>\n\n\n\n<p>Papantla, Ver.- Tras casi 2 a\u00f1os de permanecer cerrada la zona arqueol\u00f3gica &#8220;El Taj\u00edn&#8221;, finalmente el 7 de febrero volver\u00e1 a abrir sus puertas, por disposici\u00f3n de la direcci\u00f3n general del Instituto Nacional de Antropolog\u00eda e Historia (INAH).<\/p>\n\n\n\n<p>Cabe recordar qu\u00e9 hubo dos intentos de reapertura fallidas, el 15 de noviembre y posteriormente el 1 de diciembre del 2021; al no concretarse esta situaci\u00f3n, decenas de turistas qu\u00e9 se dieron cita para visitar la Zona Arqueol\u00f3gica, reclamaron en redes sociales la falta de compromiso del INAH.<\/p>\n\n\n\n<p>Finalmente tras las gestiones del Gobierno del Estado de Veracruz, el pr\u00f3ximo 7 de febrero se podr\u00e1 abrir la zona arqueol\u00f3gica &#8220;El Taj\u00edn&#8221; y con ello lograr reactivar la econom\u00eda de los papantecos.<\/p>\n\n\n\n<p>Si bien la reapertura es inminente, habr\u00e1 ciertas restricciones para que se pueda ingresar al sitio, tales como, colocaci\u00f3n de se\u00f1al\u00e9tica, ingresos en grupos m\u00e1ximos de 10 personas, y todos con cubrebocas.<\/p>\n\n\n\n<p>Al menos del 7 de febrero y hasta la primer semana de marzo, los d\u00edas y horarios de apertura ser\u00e1n los siguientes:<\/p>\n\n\n\n<p>De lunes a viernes de 9 de la ma\u00f1ana a 4 de la tarde; mientras que los d\u00edas s\u00e1bados y domingos, permanecer\u00e1 cerrado el recinto ceremonial papanteco.<\/p>\n\n\n\n<p>A partir del 18 de marzo que inicia el Festival Cumbre Taj\u00edn, los horarios y d\u00edas de apertura se podr\u00edan extender.<\/p>\n\n\n\n<p>De la misma manera se informo que la planta tratadora de agua a\u00fan est\u00e1 en proceso de rehabilitaci\u00f3n, pero los ba\u00f1os ya se encuentran en funcionamiento, por lo que se dio &#8220;luz verde&#8221; para poder ingresar a visitantes al espacio.<\/p>\n\n\n\n<p>Las diversas c\u00e1maras empresariales de los municipios de Papantla y Poza Rica esperaban la reapertura de la zona arqueol\u00f3gica pues consideran habr\u00e1 un repunte en las ventas de restaurantes hoteles y otros prestadores de servicios.<\/p>\n","protected":false},"excerpt":{"rendered":"<p>Alejandro \u00c1vila Papantla, Ver.- Tras casi 2 a\u00f1os de permanecer cerrada la zona arqueol\u00f3gica &#8220;El Taj\u00edn&#8221;, finalmente el 7 de febrero volver\u00e1 a abrir sus puertas, por disposici\u00f3n de la direcci\u00f3n general del Instituto Nacional de Antropolog\u00eda e Historia (INAH). Cabe recordar qu\u00e9 hubo dos intentos de reapertura fallidas, el 15 de noviembre y posteriormente [&hellip;]<\/p>\n","protected":false},"author":1,"featured_media":23158,"comment_status":"open","ping_status":"open","sticky":false,"template":"","format":"standard","meta":{"_jetpack_memberships_contains_paid_content":false,"footnotes":""},"categories":[2],"tags":[],"class_list":["post-23157","post","type-post","status-publish","format-standard","has-post-thumbnail","hentry","category-estado"],"jetpack_featured_media_url":"https:\/\/encuentroinformativo.com.mx\/wp-content\/uploads\/2022\/02\/47AAE1A6-96CC-4720-9485-118B84DD8615.jpeg","jetpack_sharing_enabled":true,"jetpack_likes_enabled":true,"amp_enabled":true,"_links":{"self":[{"href":"https:\/\/encuentroinformativo.com.mx\/index.php?rest_route=\/wp\/v2\/posts\/23157","targetHints":{"allow":["GET"]}}],"collection":[{"href":"https:\/\/encuentroinformativo.com.mx\/index.php?rest_route=\/wp\/v2\/posts"}],"about":[{"href":"https:\/\/encuentroinformativo.com.mx\/index.php?rest_route=\/wp\/v2\/types\/post"}],"author":[{"embeddable":true,"href":"https:\/\/encuentroinformativo.com.mx\/index.php?rest_route=\/wp\/v2\/users\/1"}],"replies":[{"embeddable":true,"href":"https:\/\/encuentroinformativo.com.mx\/index.php?rest_route=%2Fwp%2Fv2%2Fcomments&post=23157"}],"version-history":[{"count":1,"href":"https:\/\/encuentroinformativo.com.mx\/index.php?rest_route=\/wp\/v2\/posts\/23157\/revisions"}],"predecessor-version":[{"id":23159,"href":"https:\/\/encuentroinformativo.com.mx\/index.php?rest_route=\/wp\/v2\/posts\/23157\/revisions\/23159"}],"wp:featuredmedia":[{"embeddable":true,"href":"https:\/\/encuentroinformativo.com.mx\/index.php?rest_route=\/wp\/v2\/media\/23158"}],"wp:attachment":[{"href":"https:\/\/encuentroinformativo.com.mx\/index.php?rest_route=%2Fwp%2Fv2%2Fmedia&parent=23157"}],"wp:term":[{"taxonomy":"category","embeddable":true,"href":"https:\/\/encuentroinformativo.com.mx\/index.php?rest_route=%2Fwp%2Fv2%2Fcategories&post=23157"},{"taxonomy":"post_tag","embeddable":true,"href":"https:\/\/encuentroinformativo.com.mx\/index.php?rest_route=%2Fwp%2Fv2%2Ftags&post=23157"}],"curies":[{"name":"wp","href":"https:\/\/api.w.org\/{rel}","templated":true}]}}