{"id":23160,"date":"2022-02-04T14:32:30","date_gmt":"2022-02-04T20:32:30","guid":{"rendered":"https:\/\/encuentroinformativo.com.mx\/?p=23160"},"modified":"2022-02-04T14:32:34","modified_gmt":"2022-02-04T20:32:34","slug":"seguiran-bajas-temperaturas","status":"publish","type":"post","link":"https:\/\/encuentroinformativo.com.mx\/?p=23160","title":{"rendered":"Seguir\u00e1n bajas temperaturas&#8230;"},"content":{"rendered":"\n<p>Xalapa, Ver.- Debido al paso del Frente Fr\u00edo No. 28 se esperan bajas temperaturas en la entidad veracruzana.<\/p>\n\n\n\n<p>Ante lo cual autoridades de la Secretar\u00eda de Protecci\u00f3n Civil piden a la poblaci\u00f3n extremar precauciones; se esperan condiciones de nieblas, lloviznas, lluvias, sobre todo en la zona sur de la entidad.\u00a0<br><\/p>\n\n\n\n<figure class=\"wp-block-image size-large\"><img loading=\"lazy\" decoding=\"async\" width=\"1024\" height=\"683\" src=\"https:\/\/encuentroinformativo.com.mx\/wp-content\/uploads\/2022\/02\/46898752-5EA5-4591-8332-20E48B209730-1024x683.jpeg\" alt=\"\" class=\"wp-image-23162\" srcset=\"https:\/\/encuentroinformativo.com.mx\/wp-content\/uploads\/2022\/02\/46898752-5EA5-4591-8332-20E48B209730-1024x683.jpeg 1024w, https:\/\/encuentroinformativo.com.mx\/wp-content\/uploads\/2022\/02\/46898752-5EA5-4591-8332-20E48B209730-300x200.jpeg 300w, https:\/\/encuentroinformativo.com.mx\/wp-content\/uploads\/2022\/02\/46898752-5EA5-4591-8332-20E48B209730-768x512.jpeg 768w, https:\/\/encuentroinformativo.com.mx\/wp-content\/uploads\/2022\/02\/46898752-5EA5-4591-8332-20E48B209730-1536x1024.jpeg 1536w, https:\/\/encuentroinformativo.com.mx\/wp-content\/uploads\/2022\/02\/46898752-5EA5-4591-8332-20E48B209730-2048x1365.jpeg 2048w\" sizes=\"auto, (max-width: 1024px) 100vw, 1024px\" \/><\/figure>\n\n\n\n<figure class=\"wp-block-image size-large\"><img loading=\"lazy\" decoding=\"async\" width=\"1024\" height=\"683\" src=\"https:\/\/encuentroinformativo.com.mx\/wp-content\/uploads\/2022\/02\/F7D8FC2F-9181-47F1-8428-E96B7E6B7796-1024x683.jpeg\" alt=\"\" class=\"wp-image-23163\" srcset=\"https:\/\/encuentroinformativo.com.mx\/wp-content\/uploads\/2022\/02\/F7D8FC2F-9181-47F1-8428-E96B7E6B7796-1024x683.jpeg 1024w, https:\/\/encuentroinformativo.com.mx\/wp-content\/uploads\/2022\/02\/F7D8FC2F-9181-47F1-8428-E96B7E6B7796-300x200.jpeg 300w, https:\/\/encuentroinformativo.com.mx\/wp-content\/uploads\/2022\/02\/F7D8FC2F-9181-47F1-8428-E96B7E6B7796-768x512.jpeg 768w, https:\/\/encuentroinformativo.com.mx\/wp-content\/uploads\/2022\/02\/F7D8FC2F-9181-47F1-8428-E96B7E6B7796-1536x1024.jpeg 1536w, https:\/\/encuentroinformativo.com.mx\/wp-content\/uploads\/2022\/02\/F7D8FC2F-9181-47F1-8428-E96B7E6B7796-2048x1365.jpeg 2048w\" sizes=\"auto, (max-width: 1024px) 100vw, 1024px\" \/><\/figure>\n\n\n\n<figure class=\"wp-block-image size-large\"><img loading=\"lazy\" decoding=\"async\" width=\"1024\" height=\"683\" src=\"https:\/\/encuentroinformativo.com.mx\/wp-content\/uploads\/2022\/02\/1145181B-4E54-4185-A586-75F25461B4AF-1024x683.jpeg\" alt=\"\" class=\"wp-image-23164\" srcset=\"https:\/\/encuentroinformativo.com.mx\/wp-content\/uploads\/2022\/02\/1145181B-4E54-4185-A586-75F25461B4AF-1024x683.jpeg 1024w, https:\/\/encuentroinformativo.com.mx\/wp-content\/uploads\/2022\/02\/1145181B-4E54-4185-A586-75F25461B4AF-300x200.jpeg 300w, https:\/\/encuentroinformativo.com.mx\/wp-content\/uploads\/2022\/02\/1145181B-4E54-4185-A586-75F25461B4AF-768x512.jpeg 768w, https:\/\/encuentroinformativo.com.mx\/wp-content\/uploads\/2022\/02\/1145181B-4E54-4185-A586-75F25461B4AF-1536x1024.jpeg 1536w, https:\/\/encuentroinformativo.com.mx\/wp-content\/uploads\/2022\/02\/1145181B-4E54-4185-A586-75F25461B4AF-2048x1365.jpeg 2048w\" sizes=\"auto, (max-width: 1024px) 100vw, 1024px\" \/><\/figure>\n","protected":false},"excerpt":{"rendered":"<p>Xalapa, Ver.- Debido al paso del Frente Fr\u00edo No. 28 se esperan bajas temperaturas en la entidad veracruzana. Ante lo cual autoridades de la Secretar\u00eda de Protecci\u00f3n Civil piden a la poblaci\u00f3n extremar precauciones; se esperan condiciones de nieblas, lloviznas, lluvias, sobre todo en la zona sur de la entidad.\u00a0<\/p>\n","protected":false},"author":1,"featured_media":23161,"comment_status":"open","ping_status":"open","sticky":false,"template":"","format":"standard","meta":{"_jetpack_memberships_contains_paid_content":false,"footnotes":""},"categories":[3],"tags":[],"class_list":["post-23160","post","type-post","status-publish","format-standard","has-post-thumbnail","hentry","category-xalapa"],"jetpack_featured_media_url":"https:\/\/encuentroinformativo.com.mx\/wp-content\/uploads\/2022\/02\/B7629606-15CF-48C9-8D6E-FA2C413E8BF5-scaled.jpeg","jetpack_sharing_enabled":true,"jetpack_likes_enabled":true,"amp_enabled":true,"_links":{"self":[{"href":"https:\/\/encuentroinformativo.com.mx\/index.php?rest_route=\/wp\/v2\/posts\/23160","targetHints":{"allow":["GET"]}}],"collection":[{"href":"https:\/\/encuentroinformativo.com.mx\/index.php?rest_route=\/wp\/v2\/posts"}],"about":[{"href":"https:\/\/encuentroinformativo.com.mx\/index.php?rest_route=\/wp\/v2\/types\/post"}],"author":[{"embeddable":true,"href":"https:\/\/encuentroinformativo.com.mx\/index.php?rest_route=\/wp\/v2\/users\/1"}],"replies":[{"embeddable":true,"href":"https:\/\/encuentroinformativo.com.mx\/index.php?rest_route=%2Fwp%2Fv2%2Fcomments&post=23160"}],"version-history":[{"count":1,"href":"https:\/\/encuentroinformativo.com.mx\/index.php?rest_route=\/wp\/v2\/posts\/23160\/revisions"}],"predecessor-version":[{"id":23165,"href":"https:\/\/encuentroinformativo.com.mx\/index.php?rest_route=\/wp\/v2\/posts\/23160\/revisions\/23165"}],"wp:featuredmedia":[{"embeddable":true,"href":"https:\/\/encuentroinformativo.com.mx\/index.php?rest_route=\/wp\/v2\/media\/23161"}],"wp:attachment":[{"href":"https:\/\/encuentroinformativo.com.mx\/index.php?rest_route=%2Fwp%2Fv2%2Fmedia&parent=23160"}],"wp:term":[{"taxonomy":"category","embeddable":true,"href":"https:\/\/encuentroinformativo.com.mx\/index.php?rest_route=%2Fwp%2Fv2%2Fcategories&post=23160"},{"taxonomy":"post_tag","embeddable":true,"href":"https:\/\/encuentroinformativo.com.mx\/index.php?rest_route=%2Fwp%2Fv2%2Ftags&post=23160"}],"curies":[{"name":"wp","href":"https:\/\/api.w.org\/{rel}","templated":true}]}}