{"id":23175,"date":"2022-02-05T12:49:40","date_gmt":"2022-02-05T18:49:40","guid":{"rendered":"https:\/\/encuentroinformativo.com.mx\/?p=23175"},"modified":"2022-02-05T12:49:44","modified_gmt":"2022-02-05T18:49:44","slug":"y-si-fuera-adan","status":"publish","type":"post","link":"https:\/\/encuentroinformativo.com.mx\/?p=23175","title":{"rendered":"\u00bfY si fuera Ad\u00e1n?"},"content":{"rendered":"\n<p><strong>N\u00fameros Rojos<\/strong><br><br><strong>Brenda Caballero<\/strong><\/p>\n\n\n\n<p>Aquel lunes 12 de julio de 2021, cuando el Presidente Andr\u00e9s Manuel L\u00f3pez Obrador destap\u00f3 a \u201csus corcholatas\u201d para la sucesi\u00f3n presidencial, hubo varias lecturas pol\u00edticas, desde preguntarse \u00bfPor qu\u00e9 tan pronto elegir a su sucesor o sucesora? \u00bfAcaso para arropar a la considerada favorita (Claudia Sheinbaum) y empoderarla ante un Marcelo Ebrard claramente en ventaja? O porque necesitaba definir y sacudirse a los que definitivamente no tiene considerados para sucederlo, como Ricardo Monreal, al que nunca nombr\u00f3 ni por equivocaci\u00f3n.<\/p>\n\n\n\n<p>Lo cierto es que aquel d\u00eda, el presidente inici\u00f3 la creaci\u00f3n de la f\u00e1brica de ilusiones, con tanto nombre que incluy\u00f3, dando as\u00ed el banderazo para que iniciara la carrera a la Presidencia que vemos hoy en d\u00eda, pero esas corcholatas pueden haber cambiado al modificarse el escenario pol\u00edtico con la sustituci\u00f3n de Olga S\u00e1nchez Cordero en la Secretar\u00eda de Gobernaci\u00f3n.<\/p>\n\n\n\n<p>Cuatro meses despu\u00e9s del destape de corcholatas del Presidente L\u00f3pez Obrador, el dirigente nacional de Morena, Mario Delgado Carrillo, hace otro destape al expresar: \u201ctiene todas las caracter\u00edsticas que se necesitan para ser un presidenciable\u201d, refiri\u00e9ndose al ya Secretario de Gobernaci\u00f3n y hombre de todas las confianzas del Presidente: Ad\u00e1n Augusto L\u00f3pez Hern\u00e1ndez.<\/p>\n\n\n\n<p>\u00bfAcaso Mario Delgado cont\u00f3 con la venia de L\u00f3pez Obrador para incluir otro nombre m\u00e1s a la lista de los Presidenciables?<\/p>\n\n\n\n<p>Desde luego, nada se mueve en el \u00e1mbito pol\u00edtico sin el consentimiento del Presidente, cuantim\u00e1s que el dirigente de Morena, d\u00edas previos, se hab\u00eda reunido con L\u00f3pez Obrador.<br>Ad\u00e1n Augusto ha acompa\u00f1ado al Presidente por m\u00e1s de 20 a\u00f1os en su lucha pol\u00edtica social, derivado de que el padre de L\u00f3pez Hern\u00e1ndez, el notario Payamb\u00e9 L\u00f3pez Falconi apoyara a L\u00f3pez Obrador cuando decide salirse del PRI, creando el Partido de la Revoluci\u00f3n Democr\u00e1tica en Tabasco, siendo designado Andr\u00e9s Manuel L\u00f3pez Obrador como presidente del Primer Comit\u00e9 Ejecutivo Estatal.<\/p>\n\n\n\n<p>\u00bfSe imagina usted 2 Presidentes consecutivos originarios de Tabasco? \u00a1Ser\u00eda hist\u00f3rico! \u00bfno lo cree?<\/p>\n\n\n\n<p>Hay quien dice que no le alcanza al Secretario de Gobernaci\u00f3n para llegar por \u00a0el avance que llevan los punteros Claudia y Marcelo, pero \u00bfqui\u00e9n se opondr\u00eda a que el sucesor del Presidente fuera un hombre de todas, todas sus confianzas, incluso cuando el mismo L\u00f3pez Obrador ha dicho que Don Ad\u00e1n es un cuadro, un profesional, un buen gobernante, una buena persona, un hombre \u00edntegro y una gente honesta?<\/p>\n\n\n\n<p>Si nos echamos un clavado a las noticias tabasque\u00f1as, all\u00e1 consideran a Don Ad\u00e1n como el caballo negro del Presidente, como el que unir\u00e1 a toda la regi\u00f3n sur-sureste a su favor, incluido el estado de Veracruz.<br>Basta ver la agenda del Secretario de Gobernaci\u00f3n para entenderlo, dialogando y creando puentes pol\u00edticos con la misma oposici\u00f3n, o la m\u00e1s reciente: encabezando la reuni\u00f3n en el Senado para poner la mano sobre la mesa llamando a la unidad entre los senadores divididos de Morena.<\/p>\n\n\n\n<p>Claudia y Marcelo avanzan, pero si alguno de ellos es el candidato, crear\u00eda una ruptura dentro del mismo partido. As\u00ed lo demostraron los golpes bajos entre ambos despu\u00e9s de que AMLO los destapara. Sin embargo \u00bfqui\u00e9n se opondr\u00eda a un tabasque\u00f1o, amigo o casi hermano del Presidente, hombre de todas sus confianzas y que salv\u00f3 a Morena de la divisi\u00f3n antes de las elecciones donde est\u00e1n en juego 6 gubernaturas? Ni Claudia ni Marcelo.<\/p>\n\n\n\n<p>@NumerosRojos_BC<br><a href=\"mailto:caballero_brenda@hotmail.com\" target=\"_blank\" rel=\"noreferrer noopener\">caballero_brenda@hotmail.com<\/a><\/p>\n","protected":false},"excerpt":{"rendered":"<p>N\u00fameros Rojos Brenda Caballero Aquel lunes 12 de julio de 2021, cuando el Presidente Andr\u00e9s Manuel L\u00f3pez Obrador destap\u00f3 a \u201csus corcholatas\u201d para la sucesi\u00f3n presidencial, hubo varias lecturas pol\u00edticas, desde preguntarse \u00bfPor qu\u00e9 tan pronto elegir a su sucesor o sucesora? \u00bfAcaso para arropar a la considerada favorita (Claudia Sheinbaum) y empoderarla ante un [&hellip;]<\/p>\n","protected":false},"author":1,"featured_media":387,"comment_status":"open","ping_status":"open","sticky":false,"template":"","format":"standard","meta":{"_jetpack_memberships_contains_paid_content":false,"footnotes":""},"categories":[11],"tags":[],"class_list":["post-23175","post","type-post","status-publish","format-standard","has-post-thumbnail","hentry","category-opinion"],"jetpack_featured_media_url":"https:\/\/encuentroinformativo.com.mx\/wp-content\/uploads\/2020\/03\/7CF8A22B-2764-47BE-8F7F-38FE9E5D6A2F.jpeg","jetpack_sharing_enabled":true,"jetpack_likes_enabled":true,"amp_enabled":true,"_links":{"self":[{"href":"https:\/\/encuentroinformativo.com.mx\/index.php?rest_route=\/wp\/v2\/posts\/23175","targetHints":{"allow":["GET"]}}],"collection":[{"href":"https:\/\/encuentroinformativo.com.mx\/index.php?rest_route=\/wp\/v2\/posts"}],"about":[{"href":"https:\/\/encuentroinformativo.com.mx\/index.php?rest_route=\/wp\/v2\/types\/post"}],"author":[{"embeddable":true,"href":"https:\/\/encuentroinformativo.com.mx\/index.php?rest_route=\/wp\/v2\/users\/1"}],"replies":[{"embeddable":true,"href":"https:\/\/encuentroinformativo.com.mx\/index.php?rest_route=%2Fwp%2Fv2%2Fcomments&post=23175"}],"version-history":[{"count":1,"href":"https:\/\/encuentroinformativo.com.mx\/index.php?rest_route=\/wp\/v2\/posts\/23175\/revisions"}],"predecessor-version":[{"id":23176,"href":"https:\/\/encuentroinformativo.com.mx\/index.php?rest_route=\/wp\/v2\/posts\/23175\/revisions\/23176"}],"wp:featuredmedia":[{"embeddable":true,"href":"https:\/\/encuentroinformativo.com.mx\/index.php?rest_route=\/wp\/v2\/media\/387"}],"wp:attachment":[{"href":"https:\/\/encuentroinformativo.com.mx\/index.php?rest_route=%2Fwp%2Fv2%2Fmedia&parent=23175"}],"wp:term":[{"taxonomy":"category","embeddable":true,"href":"https:\/\/encuentroinformativo.com.mx\/index.php?rest_route=%2Fwp%2Fv2%2Fcategories&post=23175"},{"taxonomy":"post_tag","embeddable":true,"href":"https:\/\/encuentroinformativo.com.mx\/index.php?rest_route=%2Fwp%2Fv2%2Ftags&post=23175"}],"curies":[{"name":"wp","href":"https:\/\/api.w.org\/{rel}","templated":true}]}}