{"id":23183,"date":"2022-02-05T13:35:27","date_gmt":"2022-02-05T19:35:27","guid":{"rendered":"https:\/\/encuentroinformativo.com.mx\/?p=23183"},"modified":"2022-02-05T13:35:31","modified_gmt":"2022-02-05T19:35:31","slug":"buscaran-libertad-de-personas-detenidas-por-ultrajes","status":"publish","type":"post","link":"https:\/\/encuentroinformativo.com.mx\/?p=23183","title":{"rendered":"Buscar\u00e1n libertad de personas detenidas por ultrajes"},"content":{"rendered":"\n<p>Xalapa, Ver.- El senador de Movimiento Ciudadano, Dante Delgado Rannauro acompa\u00f1ado por pol\u00edticos de diferentes partidos como el PAN, y PRI, como Jos\u00e9 Yunes Zorrilla, Julen Rementeria, Indira Rosales, H\u00e9ctor Yunes entre otros, en las escalinatas de Catedral iniciaron el \u201cMovimiento por la Justicia\u201d, para buscar la libertad de las personas que se encuentran detenidas por el delito de Ultrajes a la Autoridad.<\/p>\n\n\n\n<figure class=\"wp-block-image size-large\"><img loading=\"lazy\" decoding=\"async\" width=\"1024\" height=\"683\" src=\"https:\/\/encuentroinformativo.com.mx\/wp-content\/uploads\/2022\/02\/7E28887F-BFBC-428D-8BD6-EC416898747F-1024x683.jpeg\" alt=\"\" class=\"wp-image-23185\" srcset=\"https:\/\/encuentroinformativo.com.mx\/wp-content\/uploads\/2022\/02\/7E28887F-BFBC-428D-8BD6-EC416898747F-1024x683.jpeg 1024w, https:\/\/encuentroinformativo.com.mx\/wp-content\/uploads\/2022\/02\/7E28887F-BFBC-428D-8BD6-EC416898747F-300x200.jpeg 300w, https:\/\/encuentroinformativo.com.mx\/wp-content\/uploads\/2022\/02\/7E28887F-BFBC-428D-8BD6-EC416898747F-768x512.jpeg 768w, https:\/\/encuentroinformativo.com.mx\/wp-content\/uploads\/2022\/02\/7E28887F-BFBC-428D-8BD6-EC416898747F-1536x1024.jpeg 1536w, https:\/\/encuentroinformativo.com.mx\/wp-content\/uploads\/2022\/02\/7E28887F-BFBC-428D-8BD6-EC416898747F-2048x1365.jpeg 2048w\" sizes=\"auto, (max-width: 1024px) 100vw, 1024px\" \/><\/figure>\n\n\n\n<figure class=\"wp-block-gallery columns-3 is-cropped wp-block-gallery-1 is-layout-flex wp-block-gallery-is-layout-flex\"><ul class=\"blocks-gallery-grid\"><li class=\"blocks-gallery-item\"><figure><img loading=\"lazy\" decoding=\"async\" width=\"1024\" height=\"683\" src=\"https:\/\/encuentroinformativo.com.mx\/wp-content\/uploads\/2022\/02\/D1BD8B5B-852B-4394-8C01-92E70FC07AB4-1024x683.jpeg\" alt=\"\" data-id=\"23186\" data-full-url=\"https:\/\/encuentroinformativo.com.mx\/wp-content\/uploads\/2022\/02\/D1BD8B5B-852B-4394-8C01-92E70FC07AB4-scaled.jpeg\" data-link=\"https:\/\/encuentroinformativo.com.mx\/?attachment_id=23186\" class=\"wp-image-23186\" srcset=\"https:\/\/encuentroinformativo.com.mx\/wp-content\/uploads\/2022\/02\/D1BD8B5B-852B-4394-8C01-92E70FC07AB4-1024x683.jpeg 1024w, https:\/\/encuentroinformativo.com.mx\/wp-content\/uploads\/2022\/02\/D1BD8B5B-852B-4394-8C01-92E70FC07AB4-300x200.jpeg 300w, https:\/\/encuentroinformativo.com.mx\/wp-content\/uploads\/2022\/02\/D1BD8B5B-852B-4394-8C01-92E70FC07AB4-768x512.jpeg 768w, https:\/\/encuentroinformativo.com.mx\/wp-content\/uploads\/2022\/02\/D1BD8B5B-852B-4394-8C01-92E70FC07AB4-1536x1024.jpeg 1536w, https:\/\/encuentroinformativo.com.mx\/wp-content\/uploads\/2022\/02\/D1BD8B5B-852B-4394-8C01-92E70FC07AB4-2048x1365.jpeg 2048w\" sizes=\"auto, (max-width: 1024px) 100vw, 1024px\" \/><\/figure><\/li><li class=\"blocks-gallery-item\"><figure><img loading=\"lazy\" decoding=\"async\" width=\"1024\" height=\"683\" src=\"https:\/\/encuentroinformativo.com.mx\/wp-content\/uploads\/2022\/02\/92E3DB48-0061-4F0A-8115-64F71B349780-1024x683.jpeg\" alt=\"\" data-id=\"23187\" data-full-url=\"https:\/\/encuentroinformativo.com.mx\/wp-content\/uploads\/2022\/02\/92E3DB48-0061-4F0A-8115-64F71B349780-scaled.jpeg\" data-link=\"https:\/\/encuentroinformativo.com.mx\/?attachment_id=23187\" class=\"wp-image-23187\" srcset=\"https:\/\/encuentroinformativo.com.mx\/wp-content\/uploads\/2022\/02\/92E3DB48-0061-4F0A-8115-64F71B349780-1024x683.jpeg 1024w, https:\/\/encuentroinformativo.com.mx\/wp-content\/uploads\/2022\/02\/92E3DB48-0061-4F0A-8115-64F71B349780-300x200.jpeg 300w, https:\/\/encuentroinformativo.com.mx\/wp-content\/uploads\/2022\/02\/92E3DB48-0061-4F0A-8115-64F71B349780-768x512.jpeg 768w, https:\/\/encuentroinformativo.com.mx\/wp-content\/uploads\/2022\/02\/92E3DB48-0061-4F0A-8115-64F71B349780-1536x1024.jpeg 1536w, https:\/\/encuentroinformativo.com.mx\/wp-content\/uploads\/2022\/02\/92E3DB48-0061-4F0A-8115-64F71B349780-2048x1365.jpeg 2048w\" sizes=\"auto, (max-width: 1024px) 100vw, 1024px\" \/><\/figure><\/li><li class=\"blocks-gallery-item\"><figure><img loading=\"lazy\" decoding=\"async\" width=\"1024\" height=\"683\" src=\"https:\/\/encuentroinformativo.com.mx\/wp-content\/uploads\/2022\/02\/B8F9315A-B381-43D7-90ED-C7C07125F3A0-1024x683.jpeg\" alt=\"\" data-id=\"23188\" data-full-url=\"https:\/\/encuentroinformativo.com.mx\/wp-content\/uploads\/2022\/02\/B8F9315A-B381-43D7-90ED-C7C07125F3A0-scaled.jpeg\" data-link=\"https:\/\/encuentroinformativo.com.mx\/?attachment_id=23188\" class=\"wp-image-23188\" srcset=\"https:\/\/encuentroinformativo.com.mx\/wp-content\/uploads\/2022\/02\/B8F9315A-B381-43D7-90ED-C7C07125F3A0-1024x683.jpeg 1024w, https:\/\/encuentroinformativo.com.mx\/wp-content\/uploads\/2022\/02\/B8F9315A-B381-43D7-90ED-C7C07125F3A0-300x200.jpeg 300w, https:\/\/encuentroinformativo.com.mx\/wp-content\/uploads\/2022\/02\/B8F9315A-B381-43D7-90ED-C7C07125F3A0-768x512.jpeg 768w, https:\/\/encuentroinformativo.com.mx\/wp-content\/uploads\/2022\/02\/B8F9315A-B381-43D7-90ED-C7C07125F3A0-1536x1024.jpeg 1536w, https:\/\/encuentroinformativo.com.mx\/wp-content\/uploads\/2022\/02\/B8F9315A-B381-43D7-90ED-C7C07125F3A0-2048x1365.jpeg 2048w\" sizes=\"auto, (max-width: 1024px) 100vw, 1024px\" \/><\/figure><\/li><\/ul><\/figure>\n","protected":false},"excerpt":{"rendered":"<p>Xalapa, Ver.- El senador de Movimiento Ciudadano, Dante Delgado Rannauro acompa\u00f1ado por pol\u00edticos de diferentes partidos como el PAN, y PRI, como Jos\u00e9 Yunes Zorrilla, Julen Rementeria, Indira Rosales, H\u00e9ctor Yunes entre otros, en las escalinatas de Catedral iniciaron el \u201cMovimiento por la Justicia\u201d, para buscar la libertad de las personas que se encuentran detenidas [&hellip;]<\/p>\n","protected":false},"author":1,"featured_media":23184,"comment_status":"open","ping_status":"open","sticky":false,"template":"","format":"standard","meta":{"_jetpack_memberships_contains_paid_content":false,"footnotes":""},"categories":[3],"tags":[],"class_list":["post-23183","post","type-post","status-publish","format-standard","has-post-thumbnail","hentry","category-xalapa"],"jetpack_featured_media_url":"https:\/\/encuentroinformativo.com.mx\/wp-content\/uploads\/2022\/02\/EFD4808F-A021-453F-9BE4-E4B110E68577-scaled.jpeg","jetpack_sharing_enabled":true,"jetpack_likes_enabled":true,"amp_enabled":true,"_links":{"self":[{"href":"https:\/\/encuentroinformativo.com.mx\/index.php?rest_route=\/wp\/v2\/posts\/23183","targetHints":{"allow":["GET"]}}],"collection":[{"href":"https:\/\/encuentroinformativo.com.mx\/index.php?rest_route=\/wp\/v2\/posts"}],"about":[{"href":"https:\/\/encuentroinformativo.com.mx\/index.php?rest_route=\/wp\/v2\/types\/post"}],"author":[{"embeddable":true,"href":"https:\/\/encuentroinformativo.com.mx\/index.php?rest_route=\/wp\/v2\/users\/1"}],"replies":[{"embeddable":true,"href":"https:\/\/encuentroinformativo.com.mx\/index.php?rest_route=%2Fwp%2Fv2%2Fcomments&post=23183"}],"version-history":[{"count":1,"href":"https:\/\/encuentroinformativo.com.mx\/index.php?rest_route=\/wp\/v2\/posts\/23183\/revisions"}],"predecessor-version":[{"id":23189,"href":"https:\/\/encuentroinformativo.com.mx\/index.php?rest_route=\/wp\/v2\/posts\/23183\/revisions\/23189"}],"wp:featuredmedia":[{"embeddable":true,"href":"https:\/\/encuentroinformativo.com.mx\/index.php?rest_route=\/wp\/v2\/media\/23184"}],"wp:attachment":[{"href":"https:\/\/encuentroinformativo.com.mx\/index.php?rest_route=%2Fwp%2Fv2%2Fmedia&parent=23183"}],"wp:term":[{"taxonomy":"category","embeddable":true,"href":"https:\/\/encuentroinformativo.com.mx\/index.php?rest_route=%2Fwp%2Fv2%2Fcategories&post=23183"},{"taxonomy":"post_tag","embeddable":true,"href":"https:\/\/encuentroinformativo.com.mx\/index.php?rest_route=%2Fwp%2Fv2%2Ftags&post=23183"}],"curies":[{"name":"wp","href":"https:\/\/api.w.org\/{rel}","templated":true}]}}