{"id":23198,"date":"2022-02-05T18:26:35","date_gmt":"2022-02-06T00:26:35","guid":{"rendered":"https:\/\/encuentroinformativo.com.mx\/?p=23198"},"modified":"2022-02-05T18:26:38","modified_gmt":"2022-02-06T00:26:38","slug":"se-registro-un-feminicidio-en-medellin-de-bravo","status":"publish","type":"post","link":"https:\/\/encuentroinformativo.com.mx\/?p=23198","title":{"rendered":"Se registr\u00f3 un feminicidio en Medell\u00edn de Bravo"},"content":{"rendered":"\n<p><strong>Alejandro \u00c1vila<\/strong><\/p>\n\n\n\n<p>Medell\u00edn de Bravo, Ver.- La tarde de este s\u00e1bado se perpetr\u00f3 un feminicidio en el municipio de Medell\u00edn de Bravo, cuando la pareja sentimental de una mujer de aproximadamente 48 a\u00f1os, atac\u00f3 a la ahora occisa con arma blanca en el cuello.<\/p>\n\n\n\n<p>Los hechos ocurrieron en el Circuito Zafiro Norte de la Unidad Habitacional Lagos de Puente Moreno, alrededor de las 2 de la tarde de este s\u00e1bado.<\/p>\n\n\n\n<p>Los vecinos se\u00f1alaron que, desde la noche de este viernes escucharon alegatos en la vivienda de la hoy occisa, y se intensificaron los gritos durante la ma\u00f1ana de este s\u00e1bado,&nbsp; posteriormente siendo alertados de su asesinato.<\/p>\n\n\n\n<p>El hijo mayor de la fallecida fue el primero en llegar a la vivienda, despu\u00e9s de que su padre le envi\u00f3 un mensaje de voz, contando todo lo sucedido.<\/p>\n\n\n\n<p>El asesino, identificado como Agust\u00edn H.A. de 42 a\u00f1os y qui\u00e9n presuntamente tiene problemas de drogadicci\u00f3n, fue detenido en la calle Icazo del municipio de Veracruz, y recluido moment\u00e1neamente, en el &#8220;penalito&#8221; de la colonia Playa Linda.&nbsp;<\/p>\n\n\n\n<p>Con este suman 5 feminicidios en tan s\u00f3lo una semana en la entidad veracruzana; la joven Marilyn, en el municipio de Playa Vicente; Flor, la ni\u00f1a de 14 a\u00f1os, en el municipio de Teocelo y; Mar\u00eda Alejandra y su hija de 9 a\u00f1os, en Coatzacoalcos.<\/p>\n","protected":false},"excerpt":{"rendered":"<p>Alejandro \u00c1vila Medell\u00edn de Bravo, Ver.- La tarde de este s\u00e1bado se perpetr\u00f3 un feminicidio en el municipio de Medell\u00edn de Bravo, cuando la pareja sentimental de una mujer de aproximadamente 48 a\u00f1os, atac\u00f3 a la ahora occisa con arma blanca en el cuello. Los hechos ocurrieron en el Circuito Zafiro Norte de la Unidad [&hellip;]<\/p>\n","protected":false},"author":1,"featured_media":23199,"comment_status":"open","ping_status":"open","sticky":false,"template":"","format":"standard","meta":{"_jetpack_memberships_contains_paid_content":false,"footnotes":""},"categories":[14],"tags":[],"class_list":["post-23198","post","type-post","status-publish","format-standard","has-post-thumbnail","hentry","category-policiaca"],"jetpack_featured_media_url":"https:\/\/encuentroinformativo.com.mx\/wp-content\/uploads\/2022\/02\/C6EEEC0F-F7BC-4835-8DEA-B783139FA95A.jpeg","jetpack_sharing_enabled":true,"jetpack_likes_enabled":true,"amp_enabled":true,"_links":{"self":[{"href":"https:\/\/encuentroinformativo.com.mx\/index.php?rest_route=\/wp\/v2\/posts\/23198","targetHints":{"allow":["GET"]}}],"collection":[{"href":"https:\/\/encuentroinformativo.com.mx\/index.php?rest_route=\/wp\/v2\/posts"}],"about":[{"href":"https:\/\/encuentroinformativo.com.mx\/index.php?rest_route=\/wp\/v2\/types\/post"}],"author":[{"embeddable":true,"href":"https:\/\/encuentroinformativo.com.mx\/index.php?rest_route=\/wp\/v2\/users\/1"}],"replies":[{"embeddable":true,"href":"https:\/\/encuentroinformativo.com.mx\/index.php?rest_route=%2Fwp%2Fv2%2Fcomments&post=23198"}],"version-history":[{"count":1,"href":"https:\/\/encuentroinformativo.com.mx\/index.php?rest_route=\/wp\/v2\/posts\/23198\/revisions"}],"predecessor-version":[{"id":23200,"href":"https:\/\/encuentroinformativo.com.mx\/index.php?rest_route=\/wp\/v2\/posts\/23198\/revisions\/23200"}],"wp:featuredmedia":[{"embeddable":true,"href":"https:\/\/encuentroinformativo.com.mx\/index.php?rest_route=\/wp\/v2\/media\/23199"}],"wp:attachment":[{"href":"https:\/\/encuentroinformativo.com.mx\/index.php?rest_route=%2Fwp%2Fv2%2Fmedia&parent=23198"}],"wp:term":[{"taxonomy":"category","embeddable":true,"href":"https:\/\/encuentroinformativo.com.mx\/index.php?rest_route=%2Fwp%2Fv2%2Fcategories&post=23198"},{"taxonomy":"post_tag","embeddable":true,"href":"https:\/\/encuentroinformativo.com.mx\/index.php?rest_route=%2Fwp%2Fv2%2Ftags&post=23198"}],"curies":[{"name":"wp","href":"https:\/\/api.w.org\/{rel}","templated":true}]}}