{"id":23214,"date":"2022-02-06T17:09:30","date_gmt":"2022-02-06T23:09:30","guid":{"rendered":"https:\/\/encuentroinformativo.com.mx\/?p=23214"},"modified":"2022-02-06T17:09:34","modified_gmt":"2022-02-06T23:09:34","slug":"por-cambio-de-semaforo-reforzaran-operativos-anti-covid","status":"publish","type":"post","link":"https:\/\/encuentroinformativo.com.mx\/?p=23214","title":{"rendered":"Por cambio de sem\u00e1foro, reforzar\u00e1n operativos anti COVID"},"content":{"rendered":"\n<p><strong>Juan Arcos<\/strong><\/p>\n\n\n\n<p>Xalapa, Ver.- Personal de Protecci\u00f3n Civil del ayuntamiento de Xalapa reforzar\u00e1 los operativos tras el retroceso en el sem\u00e1foro epidemiol\u00f3gico a color rojo, de riesgo m\u00e1ximo de contagio por Sars-Cov2 (Covid-19).<\/p>\n\n\n\n<p>El director del \u00e1rea, Luis Sardi\u00f1a Salgado, exhort\u00f3 a la poblaci\u00f3n de la ciudad de Xalapa a que refuerce las medidas sanitarias e indic\u00f3 que deber\u00e1n acatarse las recomendaciones por parte de la Secretar\u00eda de Salud de Veracruz.<\/p>\n\n\n\n<p>\u201cTenemos que estar atentos y seguir las indicaciones de la propia Secretar\u00eda de Salud: usar cubrebocas, guardar la sana distancia, checar en todos los negocios que se cumplan las indicaciones preventivas de salud\u201d, enfatiz\u00f3.<\/p>\n\n\n\n<p>Tambi\u00e9n pidi\u00f3 a la poblaci\u00f3n que sea m\u00e1s estricta en cuanto al debido uso del cubrebocas y evite las concentraciones masivas.<\/p>\n\n\n\n<p>Sardi\u00f1a Salgado invit\u00f3 a la gente que acuda a los m\u00f3dulos para recibir la vacuna contra el coronavirus y as\u00ed estar protegida ante un posible contagio.<\/p>\n\n\n\n<p>\u201cEs importante acudir a los centros de vacunaci\u00f3n, cuidarnos, cuidar nuestra alimentaci\u00f3n, abrigarnos bien por la temporada invernal\u201d, expres\u00f3.<\/p>\n\n\n\n<p>El personal de PC municipal trabaja las 24 horas para atender cualquier emergencia de la poblaci\u00f3n, en coordinaci\u00f3n con las fuerzas armadas y la Secretar\u00eda de Salud de Veracruz.<\/p>\n\n\n\n<p>Cabe recordar que, del 7 al 20 de febrero, Xalapa y otros seis municipios permanecer\u00e1n en sem\u00e1foro epidemiol\u00f3gico color rojo, mientras que el estado se mantendr\u00e1 en verde.<\/p>\n","protected":false},"excerpt":{"rendered":"<p>Juan Arcos Xalapa, Ver.- Personal de Protecci\u00f3n Civil del ayuntamiento de Xalapa reforzar\u00e1 los operativos tras el retroceso en el sem\u00e1foro epidemiol\u00f3gico a color rojo, de riesgo m\u00e1ximo de contagio por Sars-Cov2 (Covid-19). El director del \u00e1rea, Luis Sardi\u00f1a Salgado, exhort\u00f3 a la poblaci\u00f3n de la ciudad de Xalapa a que refuerce las medidas sanitarias [&hellip;]<\/p>\n","protected":false},"author":1,"featured_media":23215,"comment_status":"open","ping_status":"open","sticky":false,"template":"","format":"standard","meta":{"_jetpack_memberships_contains_paid_content":false,"footnotes":""},"categories":[9],"tags":[],"class_list":["post-23214","post","type-post","status-publish","format-standard","has-post-thumbnail","hentry","category-salud"],"jetpack_featured_media_url":"https:\/\/encuentroinformativo.com.mx\/wp-content\/uploads\/2022\/02\/0396B0BE-E2D9-49C5-8B54-09584B496D5C.jpeg","jetpack_sharing_enabled":true,"jetpack_likes_enabled":true,"amp_enabled":true,"_links":{"self":[{"href":"https:\/\/encuentroinformativo.com.mx\/index.php?rest_route=\/wp\/v2\/posts\/23214","targetHints":{"allow":["GET"]}}],"collection":[{"href":"https:\/\/encuentroinformativo.com.mx\/index.php?rest_route=\/wp\/v2\/posts"}],"about":[{"href":"https:\/\/encuentroinformativo.com.mx\/index.php?rest_route=\/wp\/v2\/types\/post"}],"author":[{"embeddable":true,"href":"https:\/\/encuentroinformativo.com.mx\/index.php?rest_route=\/wp\/v2\/users\/1"}],"replies":[{"embeddable":true,"href":"https:\/\/encuentroinformativo.com.mx\/index.php?rest_route=%2Fwp%2Fv2%2Fcomments&post=23214"}],"version-history":[{"count":1,"href":"https:\/\/encuentroinformativo.com.mx\/index.php?rest_route=\/wp\/v2\/posts\/23214\/revisions"}],"predecessor-version":[{"id":23216,"href":"https:\/\/encuentroinformativo.com.mx\/index.php?rest_route=\/wp\/v2\/posts\/23214\/revisions\/23216"}],"wp:featuredmedia":[{"embeddable":true,"href":"https:\/\/encuentroinformativo.com.mx\/index.php?rest_route=\/wp\/v2\/media\/23215"}],"wp:attachment":[{"href":"https:\/\/encuentroinformativo.com.mx\/index.php?rest_route=%2Fwp%2Fv2%2Fmedia&parent=23214"}],"wp:term":[{"taxonomy":"category","embeddable":true,"href":"https:\/\/encuentroinformativo.com.mx\/index.php?rest_route=%2Fwp%2Fv2%2Fcategories&post=23214"},{"taxonomy":"post_tag","embeddable":true,"href":"https:\/\/encuentroinformativo.com.mx\/index.php?rest_route=%2Fwp%2Fv2%2Ftags&post=23214"}],"curies":[{"name":"wp","href":"https:\/\/api.w.org\/{rel}","templated":true}]}}