{"id":2322,"date":"2020-05-04T10:34:35","date_gmt":"2020-05-04T15:34:35","guid":{"rendered":"https:\/\/encuentroinformativo.com\/?p=2322"},"modified":"2020-05-04T10:34:38","modified_gmt":"2020-05-04T15:34:38","slug":"recorte-a-recursos-de-mujeres-indigenas","status":"publish","type":"post","link":"https:\/\/encuentroinformativo.com.mx\/?p=2322","title":{"rendered":"Recorte a recursos de Mujeres Ind\u00edgenas"},"content":{"rendered":"\n<p><strong>N\u00fameros Rojos<\/strong><\/p>\n\n\n\n<p><strong>Brenda Caballero<\/strong><\/p>\n\n\n\n<p>Confieso en este momento no sentirme orgullosa de muchas de las mujeres que me representan en el Congreso Estatal y Federal&#8230; ni de las funcionarias que encabezan los sistemas de Justicia Penal&#8230; incluso, algunas me han desilusionado, como seguramente a otras de mi g\u00e9nero.<\/p>\n\n\n\n<p>Hace algunos ayeres, me alegraba y emocionaba la idea de que la paridad en todo, sumara m\u00e1s mujeres en los tres Poderes para ver mujeres posicion\u00e1ndose en puestos de decisi\u00f3n de temas relevantes que incidieran en pol\u00edticas p\u00fablicas para beneficio de otras mujeres&#8230; sin embargo, pareciera que muchas senadoras, diputadas y funcionarias p\u00fablicas han dado mayor relevancia a otros temas pol\u00edticos y partidistas que a los que aquejan a su g\u00e9nero. Es m\u00e1s, muchas de ellas ya est\u00e1n pensando en la reelecci\u00f3n, en una diputaci\u00f3n, en una alcald\u00eda, en una Secretar\u00eda, \u00a1hasta en una Gubernatura! pero no en disminuir la violencia feminicida, en mejores salarios o acciones que impliquen mejoras en las condiciones de las mujeres.<\/p>\n\n\n\n<p>Confieso tambi\u00e9n que algunos hombres que nos representan me han desilusionado, por no mostrar su empat\u00eda a las causas que afectan a las mujeres.<\/p>\n\n\n\n<p>Tambi\u00e9n lo acepto: es muy f\u00e1cil criticar lo que hacen o dejan de hacer, como lo hago en este momento. Sin embargo, desde mi opini\u00f3n, no est\u00e1n trabajando lo necesario para disminuir la brecha de g\u00e9nero como lo hacen algunas Organizaciones y Asociaciones que centran su ayuda en las mujeres. Que falta mucho para lograr una equidad de g\u00e9nero, es verdad. Que apenas estamos iniciando la paridad en todo, tambi\u00e9n es verdad, pero \u00bfqu\u00e9 hacen desde sus trincheras?<\/p>\n\n\n\n<p>Mis palabras seguramente no gustar\u00e1n a muchas, pero me preocupa el hecho de que no levanten la voz desde el Congreso para impedir que sigan quitando recursos etiquetados en el Presupuesto Federal destinados a disminuir la violencia contra las mujeres. Y cuando digo \u201cno levante la voz\u201d no me refiero a las de la Oposici\u00f3n, \u00a1sino a las de Mayor\u00eda!<\/p>\n\n\n\n<p>De acuerdo a una carta de la Red de Casas de la Mujer Ind\u00edgena, que incluye alrededor de 100 firmas de organizaciones independientes, acad\u00e9micas y activistas, se pide a Olga S\u00e1nchez Cordero, Secretar\u00eda de Gobernaci\u00f3n y Presidenta de la Comisi\u00f3n Nacional para la Atenci\u00f3n y Erradicaci\u00f3n de la Violencia contra las Mujeres (Conavim), su intervenci\u00f3n inmediata ya que se prev\u00e9 en los pr\u00f3ximos d\u00edas un recorte del 75 por ciento al Instituto Nacional de los Pueblos Ind\u00edgenas (IMPI) y por ende, a los recursos destinados a las mujeres ind\u00edgenas, espec\u00edficamente a las 24 Casas de la Mujer Ind\u00edgena (Camis).<\/p>\n\n\n\n<p>En Veracruz tenemos los Camis de Ichikaulistli, de Zongolica, y en Papantla, Kinchikikan, los cuales, al igual que los dem\u00e1s centros en el pa\u00eds, trabajan incansablemente para prevenir la violencia contra las ind\u00edgenas y atienden los nacimientos con parteras tradicionales; algunas incluso albergan a mujeres violentadas en sus instalaciones.<\/p>\n\n\n\n<p>Las Camis apoyan en la construcci\u00f3n de un mejor espacio para las mujeres ind\u00edgenas con enfoque de g\u00e9nero, derechos humanos e interculturalidad. \u00bfSe imagina quitarle sus recursos?<\/p>\n\n\n\n<p>Hemos normalizado la violencia hacia las mujeres, no normalicemos los recortes de recursos destinados a ellas. \u00a1Alcemos la voz!, pero sobre todo, las mujeres que pertenecen a la mayor\u00eda en el Congreso de la Uni\u00f3n.<\/p>\n\n\n\n<p>@NumerosRojos_BC<\/p>\n\n\n\n<p><a href=\"mailto:caballero_brenda@hotmail.com\" target=\"_blank\" rel=\"noreferrer noopener\">caballero_brenda@hotmail.com<\/a><\/p>\n","protected":false},"excerpt":{"rendered":"<p>N\u00fameros Rojos Brenda Caballero Confieso en este momento no sentirme orgullosa de muchas de las mujeres que me representan en el Congreso Estatal y Federal&#8230; ni de las funcionarias que encabezan los sistemas de Justicia Penal&#8230; incluso, algunas me han desilusionado, como seguramente a otras de mi g\u00e9nero. Hace algunos ayeres, me alegraba y emocionaba [&hellip;]<\/p>\n","protected":false},"author":1,"featured_media":387,"comment_status":"open","ping_status":"open","sticky":false,"template":"","format":"standard","meta":{"_jetpack_memberships_contains_paid_content":false,"footnotes":""},"categories":[11],"tags":[],"class_list":["post-2322","post","type-post","status-publish","format-standard","has-post-thumbnail","hentry","category-opinion"],"jetpack_featured_media_url":"https:\/\/encuentroinformativo.com.mx\/wp-content\/uploads\/2020\/03\/7CF8A22B-2764-47BE-8F7F-38FE9E5D6A2F.jpeg","jetpack_sharing_enabled":true,"jetpack_likes_enabled":true,"amp_enabled":true,"_links":{"self":[{"href":"https:\/\/encuentroinformativo.com.mx\/index.php?rest_route=\/wp\/v2\/posts\/2322","targetHints":{"allow":["GET"]}}],"collection":[{"href":"https:\/\/encuentroinformativo.com.mx\/index.php?rest_route=\/wp\/v2\/posts"}],"about":[{"href":"https:\/\/encuentroinformativo.com.mx\/index.php?rest_route=\/wp\/v2\/types\/post"}],"author":[{"embeddable":true,"href":"https:\/\/encuentroinformativo.com.mx\/index.php?rest_route=\/wp\/v2\/users\/1"}],"replies":[{"embeddable":true,"href":"https:\/\/encuentroinformativo.com.mx\/index.php?rest_route=%2Fwp%2Fv2%2Fcomments&post=2322"}],"version-history":[{"count":1,"href":"https:\/\/encuentroinformativo.com.mx\/index.php?rest_route=\/wp\/v2\/posts\/2322\/revisions"}],"predecessor-version":[{"id":2323,"href":"https:\/\/encuentroinformativo.com.mx\/index.php?rest_route=\/wp\/v2\/posts\/2322\/revisions\/2323"}],"wp:featuredmedia":[{"embeddable":true,"href":"https:\/\/encuentroinformativo.com.mx\/index.php?rest_route=\/wp\/v2\/media\/387"}],"wp:attachment":[{"href":"https:\/\/encuentroinformativo.com.mx\/index.php?rest_route=%2Fwp%2Fv2%2Fmedia&parent=2322"}],"wp:term":[{"taxonomy":"category","embeddable":true,"href":"https:\/\/encuentroinformativo.com.mx\/index.php?rest_route=%2Fwp%2Fv2%2Fcategories&post=2322"},{"taxonomy":"post_tag","embeddable":true,"href":"https:\/\/encuentroinformativo.com.mx\/index.php?rest_route=%2Fwp%2Fv2%2Ftags&post=2322"}],"curies":[{"name":"wp","href":"https:\/\/api.w.org\/{rel}","templated":true}]}}