{"id":23220,"date":"2022-02-07T12:18:29","date_gmt":"2022-02-07T18:18:29","guid":{"rendered":"https:\/\/encuentroinformativo.com.mx\/?p=23220"},"modified":"2022-02-07T12:18:33","modified_gmt":"2022-02-07T18:18:33","slug":"mueren-cuatro-personas-en-aparatoso-accidente-en-paso-del-toro","status":"publish","type":"post","link":"https:\/\/encuentroinformativo.com.mx\/?p=23220","title":{"rendered":"Mueren cuatro personas en aparatoso accidente en Paso del Toro"},"content":{"rendered":"\n<p><strong>Alejandro \u00c1vila<\/strong><\/p>\n\n\n\n<p>Veracruz, Ver.- Un aparatoso accidente en la carretera federal 180, a la altura del tramo Paso del Toro &#8211; Santa Fe, dej\u00f3 como saldo cuatro personas fallecidas, entre ellas una menor de edad.<\/p>\n\n\n\n<p>La noche de este domingo 6 de febrero se report\u00f3 a las unidades de emergencia, aproximadamente a las 23 horas, un fuerte accidente en el municipio de Medell\u00edn de Bravo, cerca del libramiento de la autopista C\u00f3rdoba &#8211; Veracruz.<\/p>\n\n\n\n<p>Al lugar se desplazaron los cuerpos de emergencia para constatar que una camioneta tipo Ranger, con marcas de la empresa Megacable, se hab\u00eda impactado detr\u00e1s de una gr\u00faa particular.<\/p>\n\n\n\n<p>Seg\u00fan testigos, la camioneta viajaba a exceso de velocidad y al impactarse con la gr\u00faa, los pasajeros fueron expulsados del veh\u00edculo, perdiendo la vida de forma inmediata.<\/p>\n\n\n\n<p>Los param\u00e9dicos de la Cruz Roja intentaron brindar los primeros auxilios a los pasajeros de la camioneta, sin embargo, estos ya no ten\u00edan signos vitales; mientras que dos personas que viajaban en la gr\u00faa, fueron atendidas al momento y no requirieron hospitalizaci\u00f3n.<\/p>\n\n\n\n<p>Hasta el momento personal de la empresa de cable, as\u00ed como de la gr\u00faa particular, no han dado reporte alguno, al respecto de los fallecidos y lesionados, respectivamente.<\/p>\n","protected":false},"excerpt":{"rendered":"<p>Alejandro \u00c1vila Veracruz, Ver.- Un aparatoso accidente en la carretera federal 180, a la altura del tramo Paso del Toro &#8211; Santa Fe, dej\u00f3 como saldo cuatro personas fallecidas, entre ellas una menor de edad. La noche de este domingo 6 de febrero se report\u00f3 a las unidades de emergencia, aproximadamente a las 23 horas, [&hellip;]<\/p>\n","protected":false},"author":1,"featured_media":23221,"comment_status":"open","ping_status":"open","sticky":false,"template":"","format":"standard","meta":{"_jetpack_memberships_contains_paid_content":false,"footnotes":""},"categories":[14],"tags":[],"class_list":["post-23220","post","type-post","status-publish","format-standard","has-post-thumbnail","hentry","category-policiaca"],"jetpack_featured_media_url":"https:\/\/encuentroinformativo.com.mx\/wp-content\/uploads\/2022\/02\/EA2C0518-DA54-490E-B91B-37F6536BF003.jpeg","jetpack_sharing_enabled":true,"jetpack_likes_enabled":true,"amp_enabled":true,"_links":{"self":[{"href":"https:\/\/encuentroinformativo.com.mx\/index.php?rest_route=\/wp\/v2\/posts\/23220","targetHints":{"allow":["GET"]}}],"collection":[{"href":"https:\/\/encuentroinformativo.com.mx\/index.php?rest_route=\/wp\/v2\/posts"}],"about":[{"href":"https:\/\/encuentroinformativo.com.mx\/index.php?rest_route=\/wp\/v2\/types\/post"}],"author":[{"embeddable":true,"href":"https:\/\/encuentroinformativo.com.mx\/index.php?rest_route=\/wp\/v2\/users\/1"}],"replies":[{"embeddable":true,"href":"https:\/\/encuentroinformativo.com.mx\/index.php?rest_route=%2Fwp%2Fv2%2Fcomments&post=23220"}],"version-history":[{"count":1,"href":"https:\/\/encuentroinformativo.com.mx\/index.php?rest_route=\/wp\/v2\/posts\/23220\/revisions"}],"predecessor-version":[{"id":23222,"href":"https:\/\/encuentroinformativo.com.mx\/index.php?rest_route=\/wp\/v2\/posts\/23220\/revisions\/23222"}],"wp:featuredmedia":[{"embeddable":true,"href":"https:\/\/encuentroinformativo.com.mx\/index.php?rest_route=\/wp\/v2\/media\/23221"}],"wp:attachment":[{"href":"https:\/\/encuentroinformativo.com.mx\/index.php?rest_route=%2Fwp%2Fv2%2Fmedia&parent=23220"}],"wp:term":[{"taxonomy":"category","embeddable":true,"href":"https:\/\/encuentroinformativo.com.mx\/index.php?rest_route=%2Fwp%2Fv2%2Fcategories&post=23220"},{"taxonomy":"post_tag","embeddable":true,"href":"https:\/\/encuentroinformativo.com.mx\/index.php?rest_route=%2Fwp%2Fv2%2Ftags&post=23220"}],"curies":[{"name":"wp","href":"https:\/\/api.w.org\/{rel}","templated":true}]}}